{"id":73715,"date":"2019-05-02T12:03:41","date_gmt":"2019-05-02T10:03:41","guid":{"rendered":"http:\/\/polishscience.pl\/?p=73715"},"modified":"2019-05-02T12:03:41","modified_gmt":"2019-05-02T10:03:41","slug":"le-professeur-andrzej-stanislawek-est-nomme-vice-ministre-de-la-recherche-scientifique-et-de-lenseignement-superieur","status":"publish","type":"post","link":"https:\/\/www.polishscience.pl\/fr\/le-professeur-andrzej-stanislawek-est-nomme-vice-ministre-de-la-recherche-scientifique-et-de-lenseignement-superieur\/","title":{"rendered":"Le Professeur Andrzej Stanis\u0142awek est nomm\u00e9 Vice-ministre de la recherche scientifique et de l&rsquo;enseignement sup\u00e9rieur"},"content":{"rendered":"<p><strong>Le professeur Andrzej Stanis\u0142awek est le nouveau secr\u00e9taire d&rsquo;\u00c9tat au minist\u00e8re de la Recherche Scientifique et de l&rsquo;Enseignement sup\u00e9rieur depuis le 30 avril 2019. La nomination a \u00e9t\u00e9 annonc\u00e9e sur Twitter par le vice-premier ministre et ministre de la Recherche Scientifique et de l&rsquo;Enseignement sup\u00e9rieur Jaros\u0142aw Gowin.<\/strong><\/p>\n<p>\u00ab\u00a0J&rsquo;ai le plaisir d&rsquo;annoncer que le 30 avril, le professeur Andrzej Stanis\u0142awek a \u00e9t\u00e9 nomm\u00e9 secr\u00e9taire d&rsquo;\u00c9tat sur @NAUKA_GOV_PL, qui sera responsable des relations entre science et \u00e9conomie. Ainsi @pdardzinski a trouv\u00e9 un digne successeur ! &#8211; a d\u00e9clar\u00e9 le vice-premier ministre Gowin sur Twitter.<\/p>\n<p>Le professeur Stanis\u0142awek enseigne \u00e0 l&rsquo;Universit\u00e9 de m\u00e9decine de Lublin depuis 1989. Depuis 2012, il est doyen adjoint de la Facult\u00e9 des sciences infirmi\u00e8res et de la sant\u00e9 de l&rsquo;Universit\u00e9 de Lublin.<\/p>\n","protected":false},"excerpt":{"rendered":"<p>Le professeur Andrzej Stanis\u0142awek est le nouveau secr\u00e9taire d&rsquo;\u00c9tat au minist\u00e8re de la Recherche Scientifique et de l&rsquo;Enseignement sup\u00e9rieur depuis le 30 avril 2019. La nomination a \u00e9t\u00e9 annonc\u00e9e sur Twitter par le vice-premier ministre et ministre de la Recherche Scientifique et de l&rsquo;Enseignement sup\u00e9rieur Jaros\u0142aw Gowin. \u00ab\u00a0J&rsquo;ai le plaisir d&rsquo;annoncer que le 30 avril, [&hellip;]<\/p>\n","protected":false},"author":11,"featured_media":0,"comment_status":"closed","ping_status":"closed","sticky":false,"template":"","format":"standard","meta":[],"categories":[35],"tags":[],"_links":{"self":[{"href":"https:\/\/www.polishscience.pl\/fr\/wp-json\/wp\/v2\/posts\/73715"}],"collection":[{"href":"https:\/\/www.polishscience.pl\/fr\/wp-json\/wp\/v2\/posts"}],"about":[{"href":"https:\/\/www.polishscience.pl\/fr\/wp-json\/wp\/v2\/types\/post"}],"author":[{"embeddable":true,"href":"https:\/\/www.polishscience.pl\/fr\/wp-json\/wp\/v2\/users\/11"}],"replies":[{"embeddable":true,"href":"https:\/\/www.polishscience.pl\/fr\/wp-json\/wp\/v2\/comments?post=73715"}],"version-history":[{"count":0,"href":"https:\/\/www.polishscience.pl\/fr\/wp-json\/wp\/v2\/posts\/73715\/revisions"}],"wp:attachment":[{"href":"https:\/\/www.polishscience.pl\/fr\/wp-json\/wp\/v2\/media?parent=73715"}],"wp:term":[{"taxonomy":"category","embeddable":true,"href":"https:\/\/www.polishscience.pl\/fr\/wp-json\/wp\/v2\/categories?post=73715"},{"taxonomy":"post_tag","embeddable":true,"href":"https:\/\/www.polishscience.pl\/fr\/wp-json\/wp\/v2\/tags?post=73715"}],"curies":[{"name":"wp","href":"https:\/\/api.w.org\/{rel}","templated":true}]}}