{"id":275168,"date":"2023-03-31T15:22:35","date_gmt":"2023-03-31T13:22:35","guid":{"rendered":"https:\/\/polishscience.pl\/?p=275168"},"modified":"2023-03-31T15:22:35","modified_gmt":"2023-03-31T13:22:35","slug":"luniversite-de-lodz-et-le-centre-scientifique-et-technologique-ec1-de-lodz-formalisent-leur-cooperation","status":"publish","type":"post","link":"https:\/\/www.polishscience.pl\/fr\/luniversite-de-lodz-et-le-centre-scientifique-et-technologique-ec1-de-lodz-formalisent-leur-cooperation\/","title":{"rendered":"L&rsquo;Universit\u00e9 de \u0141\u00f3d\u017a et le Centre Scientifique et Technologique EC1 de \u0141\u00f3d\u017a formalisent leur coop\u00e9ration"},"content":{"rendered":"<p><b>L&rsquo;accord de coop\u00e9ration entre le Centre Scientifique et Technologique EC1 de \u0141\u00f3d\u017a et l&rsquo;Universit\u00e9 de \u0141\u00f3d\u017a (U\u0141) a \u00e9t\u00e9 sign\u00e9 par le professeur Agnieszka Kurczewska, vice-recteur de l&rsquo;U\u0141 pour la coop\u00e9ration avec l&rsquo;environnement, et Magdalena Kosiada-Sylburska, directrice du CNiT EC1. L&rsquo;accord marque le d\u00e9but d&rsquo;une nouvelle phase d&rsquo;activit\u00e9, non seulement dans le domaine de l&rsquo;\u00e9ducation, mais aussi, dans une large mesure, dans la sph\u00e8re culturelle.\u00a0<\/b><\/p>\n<p><span style=\"font-weight: 400;\">La strat\u00e9gie de d\u00e9veloppement de l&rsquo;U\u0141 pour 2021-2030 suppose, entre autres, la r\u00e9alisation d&rsquo;une \u00e9ducation moderne bas\u00e9e sur la recherche scientifique et la coop\u00e9ration avec l&rsquo;environnement\u00a0\u00bb, a d\u00e9clar\u00e9 le professeur Agnieszka Kurczewska.\u00a0<\/span><\/p>\n<p><span style=\"font-weight: 400;\">Il s&rsquo;agit d&rsquo;un domaine extr\u00eamement important pour nous, et en obtenant davantage de partenaires permanents et fiables, nous pouvons le r\u00e9aliser selon les normes les plus \u00e9lev\u00e9es. Le potentiel du Centre Scientifique et Technologique EC1 nous offre cette opportunit\u00e9, ainsi qu&rsquo;\u00e0 notre personnel et \u00e0 nos \u00e9tudiants. J&rsquo;esp\u00e8re que cela nous permettra de multiplier les effets de notre travail en peu de temps\u00a0\u00bb, a ajout\u00e9 le vice-recteur de l&rsquo;universit\u00e9 pour la coop\u00e9ration avec l&rsquo;environnement.<\/span><\/p>\n","protected":false},"excerpt":{"rendered":"<p>L&rsquo;accord de coop\u00e9ration entre le Centre Scientifique et Technologique EC1 de \u0141\u00f3d\u017a et l&rsquo;Universit\u00e9 de \u0141\u00f3d\u017a (U\u0141) a \u00e9t\u00e9 sign\u00e9 par le professeur Agnieszka Kurczewska, vice-recteur de l&rsquo;U\u0141 pour la coop\u00e9ration avec l&rsquo;environnement, et Magdalena Kosiada-Sylburska, directrice du CNiT EC1. L&rsquo;accord marque le d\u00e9but d&rsquo;une nouvelle phase d&rsquo;activit\u00e9, non seulement dans le domaine de l&rsquo;\u00e9ducation, [&hellip;]<\/p>\n","protected":false},"author":6,"featured_media":275026,"comment_status":"closed","ping_status":"closed","sticky":false,"template":"","format":"standard","meta":[],"categories":[35],"tags":[],"_links":{"self":[{"href":"https:\/\/www.polishscience.pl\/fr\/wp-json\/wp\/v2\/posts\/275168"}],"collection":[{"href":"https:\/\/www.polishscience.pl\/fr\/wp-json\/wp\/v2\/posts"}],"about":[{"href":"https:\/\/www.polishscience.pl\/fr\/wp-json\/wp\/v2\/types\/post"}],"author":[{"embeddable":true,"href":"https:\/\/www.polishscience.pl\/fr\/wp-json\/wp\/v2\/users\/6"}],"replies":[{"embeddable":true,"href":"https:\/\/www.polishscience.pl\/fr\/wp-json\/wp\/v2\/comments?post=275168"}],"version-history":[{"count":1,"href":"https:\/\/www.polishscience.pl\/fr\/wp-json\/wp\/v2\/posts\/275168\/revisions"}],"predecessor-version":[{"id":275176,"href":"https:\/\/www.polishscience.pl\/fr\/wp-json\/wp\/v2\/posts\/275168\/revisions\/275176"}],"wp:featuredmedia":[{"embeddable":true,"href":"https:\/\/www.polishscience.pl\/fr\/wp-json\/wp\/v2\/media\/275026"}],"wp:attachment":[{"href":"https:\/\/www.polishscience.pl\/fr\/wp-json\/wp\/v2\/media?parent=275168"}],"wp:term":[{"taxonomy":"category","embeddable":true,"href":"https:\/\/www.polishscience.pl\/fr\/wp-json\/wp\/v2\/categories?post=275168"},{"taxonomy":"post_tag","embeddable":true,"href":"https:\/\/www.polishscience.pl\/fr\/wp-json\/wp\/v2\/tags?post=275168"}],"curies":[{"name":"wp","href":"https:\/\/api.w.org\/{rel}","templated":true}]}}