{"id":268096,"date":"2023-02-20T20:04:13","date_gmt":"2023-02-20T19:04:13","guid":{"rendered":"https:\/\/polishscience.pl\/?p=268096"},"modified":"2023-02-20T20:04:13","modified_gmt":"2023-02-20T19:04:13","slug":"le-congres-mondial-copernic-le-debat-de-sept-gouverneurs-de-banques-centrales-europeennes","status":"publish","type":"post","link":"https:\/\/www.polishscience.pl\/fr\/le-congres-mondial-copernic-le-debat-de-sept-gouverneurs-de-banques-centrales-europeennes\/","title":{"rendered":"Le Congr\u00e8s Mondial Copernic \u2013 le d\u00e9bat de sept gouverneurs de banques centrales europ\u00e9ennes"},"content":{"rendered":"<p><b>Le d\u00e9bat des gouverneurs des banques centrales europ\u00e9ennes a \u00e9t\u00e9 le point final de la deuxi\u00e8me journ\u00e9e du Congr\u00e8s Mondial Copernic \u00e0 Toru\u0144. En ouvrant le d\u00e9bat, le pr\u00e9sident de la Banque Nationale de Pologne (NBP), Adam Glapi\u0144ski, a \u00e9voqu\u00e9 l&rsquo;importance du Congr\u00e8s et de l&rsquo;Acad\u00e9mie Copernic.<\/b><\/p>\n<p><span style=\"font-weight: 400;\">&#8211; Je suis extr\u00eamement heureux d&rsquo;appara\u00eetre dans de telles circonstances et \u00e0 un tel moment. Je suis vraiment \u00e9mu\u00a0\u00bb, a d\u00e9clar\u00e9 le pr\u00e9sident de NBP, selon qui le Congr\u00e8s Mondial Copernic est un \u00e9v\u00e9nement exceptionnel qui entrera dans l&rsquo;histoire, et l&rsquo;Acad\u00e9mie Copernic cr\u00e9\u00e9e pendant le Congr\u00e8s est la premi\u00e8re universit\u00e9 cr\u00e9\u00e9e dans la Pologne libre.<\/span><\/p>\n<p><span style=\"font-weight: 400;\">&#8211; Une tr\u00e8s grande institution. Les personnes qui ont contribu\u00e9 \u00e0 la cr\u00e9ation de cette institution entreront \u00e0 jamais dans l&rsquo;histoire. En particulier, le ministre Czarnek et le pr\u00e9sident Duda. Ce sont des moments importants \u00e9galement pour les sciences \u00e9conomiques et de gestion &#8211; a d\u00e9clar\u00e9 Adam Glapi\u0144ski.<\/span><\/p>\n<p><span style=\"font-weight: 400;\">Le pr\u00e9sident de la NBP a \u00e9galement \u00e9voqu\u00e9 la coop\u00e9ration entre l&rsquo;Acad\u00e9mie et la banque centrale, qui doit contribuer \u00e0 la cr\u00e9ation d&rsquo;une v\u00e9ritable \u00e9lite moderne et mondiale dans le bon sens du terme. &#8211; Une \u00e9lite en termes de niveau d&rsquo;enseignement, de niveau de connaissances et de publications\u00a0\u00bb, a not\u00e9 Adam Glapi\u0144ski.\u00a0<\/span><\/p>\n<p><span style=\"font-weight: 400;\">La situation des banques centrales en p\u00e9riode de pand\u00e9mie et de hausse des prix de l&rsquo;\u00e9nergie a \u00e9t\u00e9 discut\u00e9e dans la Cour Artus de Toru\u0144 par &#8211; outre le pr\u00e9sident de la NBP &#8211; Martin Schlegel, sous-gouverneur de la Banque Nationale Suisse, Sandra \u0160valjek, sous-gouverneur de la Banque Nationale de Croatie, Sergiy Nikolaychuk, sous-gouverneur de la Banque Nationale d&rsquo;Ukraine, Simonas Kr\u0117p\u0161ta du directoire de la Banque de Lituanie, Iliya Lingorski du directoire de la Banque Nationale de Bulgarie et de Cristian Popa du directoire de la Banque Nationale de Roumanie.<\/span><\/p>\n","protected":false},"excerpt":{"rendered":"<p>Le d\u00e9bat des gouverneurs des banques centrales europ\u00e9ennes a \u00e9t\u00e9 le point final de la deuxi\u00e8me journ\u00e9e du Congr\u00e8s Mondial Copernic \u00e0 Toru\u0144. En ouvrant le d\u00e9bat, le pr\u00e9sident de la Banque Nationale de Pologne (NBP), Adam Glapi\u0144ski, a \u00e9voqu\u00e9 l&rsquo;importance du Congr\u00e8s et de l&rsquo;Acad\u00e9mie Copernic. &#8211; Je suis extr\u00eamement heureux d&rsquo;appara\u00eetre dans de [&hellip;]<\/p>\n","protected":false},"author":6,"featured_media":268089,"comment_status":"closed","ping_status":"closed","sticky":false,"template":"","format":"standard","meta":[],"categories":[41],"tags":[],"_links":{"self":[{"href":"https:\/\/www.polishscience.pl\/fr\/wp-json\/wp\/v2\/posts\/268096"}],"collection":[{"href":"https:\/\/www.polishscience.pl\/fr\/wp-json\/wp\/v2\/posts"}],"about":[{"href":"https:\/\/www.polishscience.pl\/fr\/wp-json\/wp\/v2\/types\/post"}],"author":[{"embeddable":true,"href":"https:\/\/www.polishscience.pl\/fr\/wp-json\/wp\/v2\/users\/6"}],"replies":[{"embeddable":true,"href":"https:\/\/www.polishscience.pl\/fr\/wp-json\/wp\/v2\/comments?post=268096"}],"version-history":[{"count":1,"href":"https:\/\/www.polishscience.pl\/fr\/wp-json\/wp\/v2\/posts\/268096\/revisions"}],"predecessor-version":[{"id":268097,"href":"https:\/\/www.polishscience.pl\/fr\/wp-json\/wp\/v2\/posts\/268096\/revisions\/268097"}],"wp:featuredmedia":[{"embeddable":true,"href":"https:\/\/www.polishscience.pl\/fr\/wp-json\/wp\/v2\/media\/268089"}],"wp:attachment":[{"href":"https:\/\/www.polishscience.pl\/fr\/wp-json\/wp\/v2\/media?parent=268096"}],"wp:term":[{"taxonomy":"category","embeddable":true,"href":"https:\/\/www.polishscience.pl\/fr\/wp-json\/wp\/v2\/categories?post=268096"},{"taxonomy":"post_tag","embeddable":true,"href":"https:\/\/www.polishscience.pl\/fr\/wp-json\/wp\/v2\/tags?post=268096"}],"curies":[{"name":"wp","href":"https:\/\/api.w.org\/{rel}","templated":true}]}}