{"id":266744,"date":"2023-02-15T21:32:38","date_gmt":"2023-02-15T20:32:38","guid":{"rendered":"https:\/\/polishscience.pl\/?p=266744"},"modified":"2023-02-15T21:32:38","modified_gmt":"2023-02-15T20:32:38","slug":"linauguration-de-lannee-copernic-a-luniversite-de-wroclaw","status":"publish","type":"post","link":"https:\/\/www.polishscience.pl\/fr\/linauguration-de-lannee-copernic-a-luniversite-de-wroclaw\/","title":{"rendered":"L\u2019Inauguration de l&rsquo;Ann\u00e9e Copernic \u00e0 l&rsquo;Universit\u00e9 de Wroc\u0142aw"},"content":{"rendered":"<p><b>\u00c0 la Biblioth\u00e8que Universitaire de l&rsquo;Universit\u00e9 de Wroc\u0142aw, plusieurs centaines d&rsquo;\u00e9l\u00e8ves de derni\u00e8re ann\u00e9e du primaire et du secondaire ont c\u00e9l\u00e9br\u00e9 le 550e anniversaire de Nicolas Copernic. Les \u00e9tudiants ont pu voir la premi\u00e8re \u00e9dition de l&rsquo;ouvrage qui a chang\u00e9 le monde &#8211; \u00ab\u00a0Sur les r\u00e9volutions des sph\u00e8res c\u00e9lestes\u00a0\u00bb, ainsi que d&rsquo;autres travaux des pionniers de l&rsquo;astronomie : Ptol\u00e9m\u00e9e, Tycho de Brache, Jan Kepler, Jan Hevelius et Galileo Galilei, a rapport\u00e9 l&rsquo;universit\u00e9.<\/b><\/p>\n<p><span style=\"font-weight: 400;\">Les \u00e9tudiants ont \u00e9galement assist\u00e9 \u00e0 une conf\u00e9rence du Dr Pawe\u0142 Pres de la Facult\u00e9 de Physique et d&rsquo;Astronomie de l&rsquo;Universit\u00e9 de Wroc\u0142aw intitul\u00e9e. \u00ab\u00a0550 ans d&rsquo;astronomie &#8211; de Nicolas Copernic au t\u00e9lescope spatial de James Webb\u00a0\u00bb.<\/span><\/p>\n<p><span style=\"font-weight: 400;\">La Journ\u00e9e avec Copernic est la premi\u00e8re d&rsquo;une s\u00e9rie d&rsquo;\u00e9v\u00e9nements que la Biblioth\u00e8que Universitaire pr\u00e9pare en collaboration avec la Facult\u00e9 de Physique et d&rsquo;Astronomie et l&rsquo;Institut National Ossolineum de Wroc\u0142aw.<\/span><\/p>\n<p><span style=\"font-weight: 400;\">&#8211; Dans les mois \u00e0 venir, nous organiserons toute une s\u00e9rie d&rsquo;\u00e9v\u00e9nements, d&rsquo;expositions et de visites curatoriales de nos collections\u00a0\u00bb, a annonc\u00e9 Gra\u017cyna Piotrowicz, directrice de la biblioth\u00e8que.<\/span><\/p>\n<p><span style=\"font-weight: 400;\">En savoir plus : <\/span><a href=\"https:\/\/uwr.edu.pl\/inaugurujemy-rok-kopernika-na-uniwersytecie-wroclawskim\/\"><span style=\"font-weight: 400;\">https:\/\/uwr.edu.pl\/inaugurujemy-rok-kopernika-na-uniwersytecie-wroclawskim\/<\/span><\/a><\/p>\n","protected":false},"excerpt":{"rendered":"<p>\u00c0 la Biblioth\u00e8que Universitaire de l&rsquo;Universit\u00e9 de Wroc\u0142aw, plusieurs centaines d&rsquo;\u00e9l\u00e8ves de derni\u00e8re ann\u00e9e du primaire et du secondaire ont c\u00e9l\u00e9br\u00e9 le 550e anniversaire de Nicolas Copernic. Les \u00e9tudiants ont pu voir la premi\u00e8re \u00e9dition de l&rsquo;ouvrage qui a chang\u00e9 le monde &#8211; \u00ab\u00a0Sur les r\u00e9volutions des sph\u00e8res c\u00e9lestes\u00a0\u00bb, ainsi que d&rsquo;autres travaux des pionniers [&hellip;]<\/p>\n","protected":false},"author":6,"featured_media":266700,"comment_status":"closed","ping_status":"closed","sticky":false,"template":"","format":"standard","meta":[],"categories":[41],"tags":[],"_links":{"self":[{"href":"https:\/\/www.polishscience.pl\/fr\/wp-json\/wp\/v2\/posts\/266744"}],"collection":[{"href":"https:\/\/www.polishscience.pl\/fr\/wp-json\/wp\/v2\/posts"}],"about":[{"href":"https:\/\/www.polishscience.pl\/fr\/wp-json\/wp\/v2\/types\/post"}],"author":[{"embeddable":true,"href":"https:\/\/www.polishscience.pl\/fr\/wp-json\/wp\/v2\/users\/6"}],"replies":[{"embeddable":true,"href":"https:\/\/www.polishscience.pl\/fr\/wp-json\/wp\/v2\/comments?post=266744"}],"version-history":[{"count":1,"href":"https:\/\/www.polishscience.pl\/fr\/wp-json\/wp\/v2\/posts\/266744\/revisions"}],"predecessor-version":[{"id":266754,"href":"https:\/\/www.polishscience.pl\/fr\/wp-json\/wp\/v2\/posts\/266744\/revisions\/266754"}],"wp:featuredmedia":[{"embeddable":true,"href":"https:\/\/www.polishscience.pl\/fr\/wp-json\/wp\/v2\/media\/266700"}],"wp:attachment":[{"href":"https:\/\/www.polishscience.pl\/fr\/wp-json\/wp\/v2\/media?parent=266744"}],"wp:term":[{"taxonomy":"category","embeddable":true,"href":"https:\/\/www.polishscience.pl\/fr\/wp-json\/wp\/v2\/categories?post=266744"},{"taxonomy":"post_tag","embeddable":true,"href":"https:\/\/www.polishscience.pl\/fr\/wp-json\/wp\/v2\/tags?post=266744"}],"curies":[{"name":"wp","href":"https:\/\/api.w.org\/{rel}","templated":true}]}}