{"id":265959,"date":"2023-02-10T09:54:10","date_gmt":"2023-02-10T08:54:10","guid":{"rendered":"https:\/\/polishscience.pl\/?p=265959"},"modified":"2023-02-10T09:54:10","modified_gmt":"2023-02-10T08:54:10","slug":"la-conference-scientifique-internationale-urban-post-covid-recovery-experiences-challenges-and-future-pathways-la-recuperation-urbaine-post-covid-les-experiences-les-defis-et-les-vo","status":"publish","type":"post","link":"https:\/\/www.polishscience.pl\/fr\/la-conference-scientifique-internationale-urban-post-covid-recovery-experiences-challenges-and-future-pathways-la-recuperation-urbaine-post-covid-les-experiences-les-defis-et-les-vo\/","title":{"rendered":"La Conf\u00e9rence scientifique internationale \u00ab\u00a0Urban Post-COVID Recovery &#8211; Experiences, Challenges and Future Pathways\u00a0\u00bb (La r\u00e9cup\u00e9ration urbaine post-COVID \u2013 Les exp\u00e9riences, les d\u00e9fis et les voies futures)"},"content":{"rendered":"<p><b>L&rsquo;Institut de Politique de l&rsquo;Universit\u00e9 de Wroc\u0142aw vous invite \u00e0 la conf\u00e9rence scientifique internationale \u00ab\u00a0Urban Post-COVID Recovery &#8211; Experiences, Challenges and Future Pathways\u00a0\u00bb les 26 et 27 avril. L&rsquo;\u00e9v\u00e9nement est plac\u00e9 sous le haut patronage de la Section Administration et Politique de l&rsquo;Association Polonaise de Science Politique, rapporte l&rsquo;universit\u00e9.<\/b><\/p>\n<p><span style=\"font-weight: 400;\">L&rsquo;objectif de la conf\u00e9rence est de pr\u00e9senter les r\u00e9sultats de la recherche scientifique et d&rsquo;\u00e9changer des exp\u00e9riences et des opinions sur le fonctionnement des unit\u00e9s de gouvernement local en Europe dans des conditions de crise pand\u00e9mique et post-pand\u00e9mique.<\/span><\/p>\n<p><span style=\"font-weight: 400;\">Les participants \u00e0 l&rsquo;\u00e9v\u00e9nement tenteront d&rsquo;\u00e9valuer le potentiel pr\u00e9dictif et r\u00e9actif des administrations locales qui accomplissent des t\u00e2ches publiques dans un environnement turbulent, non seulement politique, mais aussi \u00e9conomique et social.\u00a0<\/span><\/p>\n<p><span style=\"font-weight: 400;\">La conf\u00e9rence est organis\u00e9e dans le cadre du projet de recherche international \u00ab\u00a0Urban Post-COVID Recovery in the V4 Countries\u00a0\u00bb r\u00e9alis\u00e9 avec le soutien du Fonds International de Visegrad (subvention strat\u00e9gique).<\/span><\/p>\n<p><span style=\"font-weight: 400;\">En savoir plus : <\/span><a href=\"https:\/\/uwr.edu.pl\/wydarzenia\/miedzynarodowa-konferencja-samorzady-podczas-i-po-pandemii\/\"><span style=\"font-weight: 400;\">https:\/\/uwr.edu.pl\/wydarzenia\/miedzynarodowa-konferencja-samorzady-podczas-i-po-pandemii\/<\/span><\/a><\/p>\n<p>&nbsp;<\/p>\n","protected":false},"excerpt":{"rendered":"<p>L&rsquo;Institut de Politique de l&rsquo;Universit\u00e9 de Wroc\u0142aw vous invite \u00e0 la conf\u00e9rence scientifique internationale \u00ab\u00a0Urban Post-COVID Recovery &#8211; Experiences, Challenges and Future Pathways\u00a0\u00bb les 26 et 27 avril. L&rsquo;\u00e9v\u00e9nement est plac\u00e9 sous le haut patronage de la Section Administration et Politique de l&rsquo;Association Polonaise de Science Politique, rapporte l&rsquo;universit\u00e9. L&rsquo;objectif de la conf\u00e9rence est de [&hellip;]<\/p>\n","protected":false},"author":6,"featured_media":265856,"comment_status":"closed","ping_status":"closed","sticky":false,"template":"","format":"standard","meta":[],"categories":[41],"tags":[],"_links":{"self":[{"href":"https:\/\/www.polishscience.pl\/fr\/wp-json\/wp\/v2\/posts\/265959"}],"collection":[{"href":"https:\/\/www.polishscience.pl\/fr\/wp-json\/wp\/v2\/posts"}],"about":[{"href":"https:\/\/www.polishscience.pl\/fr\/wp-json\/wp\/v2\/types\/post"}],"author":[{"embeddable":true,"href":"https:\/\/www.polishscience.pl\/fr\/wp-json\/wp\/v2\/users\/6"}],"replies":[{"embeddable":true,"href":"https:\/\/www.polishscience.pl\/fr\/wp-json\/wp\/v2\/comments?post=265959"}],"version-history":[{"count":1,"href":"https:\/\/www.polishscience.pl\/fr\/wp-json\/wp\/v2\/posts\/265959\/revisions"}],"predecessor-version":[{"id":265968,"href":"https:\/\/www.polishscience.pl\/fr\/wp-json\/wp\/v2\/posts\/265959\/revisions\/265968"}],"wp:featuredmedia":[{"embeddable":true,"href":"https:\/\/www.polishscience.pl\/fr\/wp-json\/wp\/v2\/media\/265856"}],"wp:attachment":[{"href":"https:\/\/www.polishscience.pl\/fr\/wp-json\/wp\/v2\/media?parent=265959"}],"wp:term":[{"taxonomy":"category","embeddable":true,"href":"https:\/\/www.polishscience.pl\/fr\/wp-json\/wp\/v2\/categories?post=265959"},{"taxonomy":"post_tag","embeddable":true,"href":"https:\/\/www.polishscience.pl\/fr\/wp-json\/wp\/v2\/tags?post=265959"}],"curies":[{"name":"wp","href":"https:\/\/api.w.org\/{rel}","templated":true}]}}