{"id":265954,"date":"2023-02-10T09:53:25","date_gmt":"2023-02-10T08:53:25","guid":{"rendered":"https:\/\/polishscience.pl\/?p=265954"},"modified":"2023-02-10T09:53:25","modified_gmt":"2023-02-10T08:53:25","slug":"la-vie-edition-de-la-legion-academique","status":"publish","type":"post","link":"https:\/\/www.polishscience.pl\/fr\/la-vie-edition-de-la-legion-academique\/","title":{"rendered":"La VIe \u00e9dition de la \u00ab\u00a0L\u00e9gion Acad\u00e9mique\u00a0\u00bb"},"content":{"rendered":"<p><b>Jusqu&rsquo;au 10 f\u00e9vrier 2023, les universit\u00e9s publiques et non publiques pouvaient se porter candidates pour participer \u00e0 la 6e \u00e9dition de la \u00ab\u00a0L\u00e9gion Acad\u00e9mique\u00a0\u00bb. Le Minist\u00e8re de l&rsquo;\u00c9ducation et des Sciences, en collaboration avec le Minist\u00e8re de la D\u00e9fense, poursuit le programme de formation militaire destin\u00e9 aux \u00e9tudiants et aux dipl\u00f4m\u00e9s.<\/b><\/p>\n<p><span style=\"font-weight: 400;\">Le programme est mis en \u0153uvre dans le cadre d&rsquo;un accord entre le Ministre de la D\u00e9fense et le Ministre de l&rsquo;\u00c9ducation et des Sciences conclu le 12 janvier 2023. On estime qu&rsquo;entre 50 et 70 universit\u00e9s y participeront.<\/span><\/p>\n<p><span style=\"font-weight: 400;\">L&rsquo;\u00e9ducation militaire sous la \u00ab\u00a0L\u00e9gion Acad\u00e9mique\u00a0\u00bb comprend deux parties de formation : th\u00e9orique et pratique. La partie th\u00e9orique est r\u00e9alis\u00e9e conform\u00e9ment au programme de formation \u00e9labor\u00e9 par le Ministre de la D\u00e9fense Nationale. La partie pratique (exercices militaires) est \u00e9galement organis\u00e9e par le Ministre de la D\u00e9fense Nationale.\u00a0\u00a0<\/span><\/p>\n<p><span style=\"font-weight: 400;\">L&rsquo;objectif principal de la partie th\u00e9orique est de ma\u00eetriser les connaissances et les comp\u00e9tences dans le domaine des mati\u00e8res militaires n\u00e9cessaires \u00e0 l&rsquo;entra\u00eenement aux exercices militaires effectu\u00e9s dans les unit\u00e9s militaires.\u00a0<\/span><\/p>\n<p><span style=\"font-weight: 400;\">Le Minist\u00e8re de l&rsquo;\u00c9ducation et des Sciences allouera environ 1 million de PLN au projet.<\/span><\/p>\n","protected":false},"excerpt":{"rendered":"<p>Jusqu&rsquo;au 10 f\u00e9vrier 2023, les universit\u00e9s publiques et non publiques pouvaient se porter candidates pour participer \u00e0 la 6e \u00e9dition de la \u00ab\u00a0L\u00e9gion Acad\u00e9mique\u00a0\u00bb. Le Minist\u00e8re de l&rsquo;\u00c9ducation et des Sciences, en collaboration avec le Minist\u00e8re de la D\u00e9fense, poursuit le programme de formation militaire destin\u00e9 aux \u00e9tudiants et aux dipl\u00f4m\u00e9s. Le programme est mis [&hellip;]<\/p>\n","protected":false},"author":6,"featured_media":265797,"comment_status":"closed","ping_status":"closed","sticky":false,"template":"","format":"standard","meta":[],"categories":[41],"tags":[],"_links":{"self":[{"href":"https:\/\/www.polishscience.pl\/fr\/wp-json\/wp\/v2\/posts\/265954"}],"collection":[{"href":"https:\/\/www.polishscience.pl\/fr\/wp-json\/wp\/v2\/posts"}],"about":[{"href":"https:\/\/www.polishscience.pl\/fr\/wp-json\/wp\/v2\/types\/post"}],"author":[{"embeddable":true,"href":"https:\/\/www.polishscience.pl\/fr\/wp-json\/wp\/v2\/users\/6"}],"replies":[{"embeddable":true,"href":"https:\/\/www.polishscience.pl\/fr\/wp-json\/wp\/v2\/comments?post=265954"}],"version-history":[{"count":1,"href":"https:\/\/www.polishscience.pl\/fr\/wp-json\/wp\/v2\/posts\/265954\/revisions"}],"predecessor-version":[{"id":265963,"href":"https:\/\/www.polishscience.pl\/fr\/wp-json\/wp\/v2\/posts\/265954\/revisions\/265963"}],"wp:featuredmedia":[{"embeddable":true,"href":"https:\/\/www.polishscience.pl\/fr\/wp-json\/wp\/v2\/media\/265797"}],"wp:attachment":[{"href":"https:\/\/www.polishscience.pl\/fr\/wp-json\/wp\/v2\/media?parent=265954"}],"wp:term":[{"taxonomy":"category","embeddable":true,"href":"https:\/\/www.polishscience.pl\/fr\/wp-json\/wp\/v2\/categories?post=265954"},{"taxonomy":"post_tag","embeddable":true,"href":"https:\/\/www.polishscience.pl\/fr\/wp-json\/wp\/v2\/tags?post=265954"}],"curies":[{"name":"wp","href":"https:\/\/api.w.org\/{rel}","templated":true}]}}