{"id":265619,"date":"2023-02-09T09:58:09","date_gmt":"2023-02-09T08:58:09","guid":{"rendered":"https:\/\/polishscience.pl\/?p=265619"},"modified":"2023-02-09T09:58:09","modified_gmt":"2023-02-09T08:58:09","slug":"la-rencontre-du-reseau-europeen-de-la-pastorale-universitaire-a-lublin","status":"publish","type":"post","link":"https:\/\/www.polishscience.pl\/fr\/la-rencontre-du-reseau-europeen-de-la-pastorale-universitaire-a-lublin\/","title":{"rendered":"La rencontre du R\u00e9seau Europ\u00e9en de la Pastorale Universitaire \u00e0 Lublin"},"content":{"rendered":"<p><b>Du 13 au 16 f\u00e9vrier, l&rsquo;Universit\u00e9 Catholique de Lublin (KUL) accueillera des repr\u00e9sentants du R\u00e9seau Europ\u00e9en de la Pastorale Universitaire J\u00e9suite (JUPC). En plus des repr\u00e9sentants de la Pologne, l&rsquo;\u00e9v\u00e9nement sera \u00e9galement suivi par des repr\u00e9sentants de : Belgique, Croatie, Espagne, Lituanie, Lettonie, Malte, Allemagne, Portugal, Slovaquie, Slov\u00e9nie et Royaume-Uni.<\/b><\/p>\n<p><span style=\"font-weight: 400;\">Les rencontres du JUPC ont lieu p\u00e9riodiquement depuis plusieurs ann\u00e9es, chaque fois dans un pays diff\u00e9rent.\u00a0 En Pologne, elles seront organis\u00e9es pour la premi\u00e8re fois. L&rsquo;objectif de ces rencontres est d&rsquo;\u00e9duquer et d&rsquo;\u00e9changer des exp\u00e9riences sur les meilleures fa\u00e7ons de faire de la pastorale aupr\u00e8s des \u00e9tudiants universitaires. Le th\u00e8me de la rencontre de Lublin sera le soutien et l&rsquo;accompagnement des \u00e9tudiants ayant des difficult\u00e9s \u00e9motionnelles et relationnelles.<\/span><\/p>\n<p><span style=\"font-weight: 400;\">Un atelier intensif sur la communication efficace dans le contexte du travail pastoral sera anim\u00e9 par d&rsquo;\u00e9minents formateurs et experts du courant novateur de la \u00ab\u00a0communication non violente\u00a0\u00bb (CNV) : Dr Beata Ho\u0142ty\u0144 et Piotr Ho\u0142ty\u0144.<\/span><\/p>\n","protected":false},"excerpt":{"rendered":"<p>Du 13 au 16 f\u00e9vrier, l&rsquo;Universit\u00e9 Catholique de Lublin (KUL) accueillera des repr\u00e9sentants du R\u00e9seau Europ\u00e9en de la Pastorale Universitaire J\u00e9suite (JUPC). En plus des repr\u00e9sentants de la Pologne, l&rsquo;\u00e9v\u00e9nement sera \u00e9galement suivi par des repr\u00e9sentants de : Belgique, Croatie, Espagne, Lituanie, Lettonie, Malte, Allemagne, Portugal, Slovaquie, Slov\u00e9nie et Royaume-Uni. Les rencontres du JUPC ont [&hellip;]<\/p>\n","protected":false},"author":6,"featured_media":265541,"comment_status":"closed","ping_status":"closed","sticky":false,"template":"","format":"standard","meta":[],"categories":[41],"tags":[],"_links":{"self":[{"href":"https:\/\/www.polishscience.pl\/fr\/wp-json\/wp\/v2\/posts\/265619"}],"collection":[{"href":"https:\/\/www.polishscience.pl\/fr\/wp-json\/wp\/v2\/posts"}],"about":[{"href":"https:\/\/www.polishscience.pl\/fr\/wp-json\/wp\/v2\/types\/post"}],"author":[{"embeddable":true,"href":"https:\/\/www.polishscience.pl\/fr\/wp-json\/wp\/v2\/users\/6"}],"replies":[{"embeddable":true,"href":"https:\/\/www.polishscience.pl\/fr\/wp-json\/wp\/v2\/comments?post=265619"}],"version-history":[{"count":1,"href":"https:\/\/www.polishscience.pl\/fr\/wp-json\/wp\/v2\/posts\/265619\/revisions"}],"predecessor-version":[{"id":265629,"href":"https:\/\/www.polishscience.pl\/fr\/wp-json\/wp\/v2\/posts\/265619\/revisions\/265629"}],"wp:featuredmedia":[{"embeddable":true,"href":"https:\/\/www.polishscience.pl\/fr\/wp-json\/wp\/v2\/media\/265541"}],"wp:attachment":[{"href":"https:\/\/www.polishscience.pl\/fr\/wp-json\/wp\/v2\/media?parent=265619"}],"wp:term":[{"taxonomy":"category","embeddable":true,"href":"https:\/\/www.polishscience.pl\/fr\/wp-json\/wp\/v2\/categories?post=265619"},{"taxonomy":"post_tag","embeddable":true,"href":"https:\/\/www.polishscience.pl\/fr\/wp-json\/wp\/v2\/tags?post=265619"}],"curies":[{"name":"wp","href":"https:\/\/api.w.org\/{rel}","templated":true}]}}