{"id":265340,"date":"2023-02-08T10:53:22","date_gmt":"2023-02-08T09:53:22","guid":{"rendered":"https:\/\/polishscience.pl\/?p=265340"},"modified":"2023-02-08T10:53:22","modified_gmt":"2023-02-08T09:53:22","slug":"la-xxxie-conference-de-lassociation-des-professeurs-de-mathematiques-la-manufacture-mathematique","status":"publish","type":"post","link":"https:\/\/www.polishscience.pl\/fr\/la-xxxie-conference-de-lassociation-des-professeurs-de-mathematiques-la-manufacture-mathematique\/","title":{"rendered":"La XXXIe Conf\u00e9rence de l&rsquo;Association des Professeurs de Math\u00e9matiques \u2013 La manufacture math\u00e9matique"},"content":{"rendered":"<p><b>Du 10 au 13 f\u00e9vrier, la Polytechnique de \u0141\u00f3d\u017a accueillera la XXXIe Conf\u00e9rence de l&rsquo;Association des Professeurs de Math\u00e9matiques \u2013 La manufacture math\u00e9matique, o\u00f9 des math\u00e9maticiens de toute la Pologne discuteront de l&rsquo;\u00e9ducation et \u00e9changeront leurs points de vue sur les m\u00e9thodes d&rsquo;enseignement, ainsi que sur les bonnes pratiques en mati\u00e8re d&rsquo;\u00e9ducation.<\/b><\/p>\n<p><span style=\"font-weight: 400;\">Lors de la c\u00e9r\u00e9monie d&rsquo;ouverture de la conf\u00e9rence, le vendredi 10 f\u00e9vrier, dans l&rsquo;auditorium Alchemium de la Polytechnique de \u0141\u00f3d\u017a, la conf\u00e9rence inaugurale intitul\u00e9e Les math\u00e9matiques, l\u2019intelligence artificielle et les cerveaux sera prononc\u00e9e par le professeur Wodzis\u0142aw Duch de l&rsquo;Universit\u00e9 Nicolas Copernic de Toru\u0144.<\/span><\/p>\n<p><span style=\"font-weight: 400;\">Pendant la conf\u00e9rence, les organisateurs pr\u00e9voient de lancer une discussion sur l&rsquo;enseignement des math\u00e9matiques.\u00a0<\/span><\/p>\n<p><span style=\"font-weight: 400;\">Nous souhaitons faire savoir aux enseignants ce qui, selon nous, manque dans les cours de math\u00e9matiques et quelles comp\u00e9tences nous attendons des \u00e9l\u00e8ves. Et dans l&rsquo;autre sens, nous aimerions que nos enseignants aient une connaissance de ce qui se passe dans le domaine des math\u00e9matiques \u00e0 des stades plus pr\u00e9coces de l&rsquo;\u00e9ducation, car il me semble parfois qu&rsquo;il y a de grandes divergences&rsquo;, a d\u00e9clar\u00e9 le docteur-ing\u00e9nieure d\u2019\u00c9tat Ewa Korzeniewska, professeur \u00e0 la P\u0141 et vice-doyen pour les affaires \u00e9tudiantes \u00e0 P\u0141.<\/span><\/p>\n","protected":false},"excerpt":{"rendered":"<p>Du 10 au 13 f\u00e9vrier, la Polytechnique de \u0141\u00f3d\u017a accueillera la XXXIe Conf\u00e9rence de l&rsquo;Association des Professeurs de Math\u00e9matiques \u2013 La manufacture math\u00e9matique, o\u00f9 des math\u00e9maticiens de toute la Pologne discuteront de l&rsquo;\u00e9ducation et \u00e9changeront leurs points de vue sur les m\u00e9thodes d&rsquo;enseignement, ainsi que sur les bonnes pratiques en mati\u00e8re d&rsquo;\u00e9ducation. Lors de la [&hellip;]<\/p>\n","protected":false},"author":6,"featured_media":265221,"comment_status":"closed","ping_status":"closed","sticky":false,"template":"","format":"standard","meta":[],"categories":[41],"tags":[],"_links":{"self":[{"href":"https:\/\/www.polishscience.pl\/fr\/wp-json\/wp\/v2\/posts\/265340"}],"collection":[{"href":"https:\/\/www.polishscience.pl\/fr\/wp-json\/wp\/v2\/posts"}],"about":[{"href":"https:\/\/www.polishscience.pl\/fr\/wp-json\/wp\/v2\/types\/post"}],"author":[{"embeddable":true,"href":"https:\/\/www.polishscience.pl\/fr\/wp-json\/wp\/v2\/users\/6"}],"replies":[{"embeddable":true,"href":"https:\/\/www.polishscience.pl\/fr\/wp-json\/wp\/v2\/comments?post=265340"}],"version-history":[{"count":1,"href":"https:\/\/www.polishscience.pl\/fr\/wp-json\/wp\/v2\/posts\/265340\/revisions"}],"predecessor-version":[{"id":265345,"href":"https:\/\/www.polishscience.pl\/fr\/wp-json\/wp\/v2\/posts\/265340\/revisions\/265345"}],"wp:featuredmedia":[{"embeddable":true,"href":"https:\/\/www.polishscience.pl\/fr\/wp-json\/wp\/v2\/media\/265221"}],"wp:attachment":[{"href":"https:\/\/www.polishscience.pl\/fr\/wp-json\/wp\/v2\/media?parent=265340"}],"wp:term":[{"taxonomy":"category","embeddable":true,"href":"https:\/\/www.polishscience.pl\/fr\/wp-json\/wp\/v2\/categories?post=265340"},{"taxonomy":"post_tag","embeddable":true,"href":"https:\/\/www.polishscience.pl\/fr\/wp-json\/wp\/v2\/tags?post=265340"}],"curies":[{"name":"wp","href":"https:\/\/api.w.org\/{rel}","templated":true}]}}