{"id":264815,"date":"2023-02-06T11:08:44","date_gmt":"2023-02-06T10:08:44","guid":{"rendered":"https:\/\/polishscience.pl\/?p=264815"},"modified":"2023-02-06T11:08:44","modified_gmt":"2023-02-06T10:08:44","slug":"cette-annee-ledition-du-festival-des-sciences-et-des-arts-de-poznan-durera-6-jours","status":"publish","type":"post","link":"https:\/\/www.polishscience.pl\/fr\/cette-annee-ledition-du-festival-des-sciences-et-des-arts-de-poznan-durera-6-jours\/","title":{"rendered":"Cette ann\u00e9e, l&rsquo;\u00e9dition du Festival des Sciences et des Arts de Poznan durera 6 jours"},"content":{"rendered":"<p><b>Cette ann\u00e9e, l&rsquo;\u00e9dition du Festival des Sciences et des Arts de Pozna\u0144 durera 6 jours et comprendra plus de 450 \u00e9v\u00e9nements, principalement stationnaires. Le festival d\u00e9butera le 15 mai par une c\u00e9r\u00e9monie au si\u00e8ge de la branche de Poznan de l&rsquo;Acad\u00e9mie Polonaise des Sciences.\u00a0\u00a0<\/b><\/p>\n<p><span style=\"font-weight: 400;\">&#8211; L&rsquo;essence de l&rsquo;exploration et de la d\u00e9couverte de la science et de l&rsquo;art est l&rsquo;exp\u00e9rience directe et personnelle. Nous voulons que les \u00e9v\u00e9nements propos\u00e9s par le festival nous incitent \u00e0 sortir un instant la t\u00eate de nos lourds manuels scolaires et \u00e0 chercher la science \u00e0 l&rsquo;ext\u00e9rieur, dans son environnement naturel\u00a0\u00bb, peut-on lire sur l&rsquo;invitation publi\u00e9e sur le site web de l&rsquo;Universit\u00e9 Adam Mickiewicz de Pozna\u0144.<\/span><\/p>\n<p><span style=\"font-weight: 400;\">Les organisateurs pr\u00e9voient que les ateliers, les pr\u00e9sentations, les exp\u00e9riences, les excursions, les jeux, les discussions et les nombreuses autres formes d&rsquo;\u00e9change de connaissances du festival constitueront un compl\u00e9ment int\u00e9ressant aux cours th\u00e9matiques et offriront l&rsquo;occasion de toucher, m\u00eame de mani\u00e8re tangible, \u00e0 la science vivante. L&rsquo;\u00e9v\u00e9nement se terminera par un concert final \u00e0 l&rsquo;auditorium de l&rsquo;Acad\u00e9mie de Musique de Pozna\u0144.\u00a0<\/span><\/p>\n<p><span style=\"font-weight: 400;\">En savoir plus : <\/span><a href=\"https:\/\/amu.edu.pl\/wiadomosci\/aktualnosci\/szkoly\/poznanski-festiwal-nauki-i-sztuki\"><span style=\"font-weight: 400;\">https:\/\/amu.edu.pl\/wiadomosci\/aktualnosci\/szkoly\/poznanski-festiwal-nauki-i-sztuki<\/span><\/a><\/p>\n","protected":false},"excerpt":{"rendered":"<p>Cette ann\u00e9e, l&rsquo;\u00e9dition du Festival des Sciences et des Arts de Pozna\u0144 durera 6 jours et comprendra plus de 450 \u00e9v\u00e9nements, principalement stationnaires. Le festival d\u00e9butera le 15 mai par une c\u00e9r\u00e9monie au si\u00e8ge de la branche de Poznan de l&rsquo;Acad\u00e9mie Polonaise des Sciences.\u00a0\u00a0 &#8211; L&rsquo;essence de l&rsquo;exploration et de la d\u00e9couverte de la science [&hellip;]<\/p>\n","protected":false},"author":6,"featured_media":264752,"comment_status":"closed","ping_status":"closed","sticky":false,"template":"","format":"standard","meta":[],"categories":[41],"tags":[],"_links":{"self":[{"href":"https:\/\/www.polishscience.pl\/fr\/wp-json\/wp\/v2\/posts\/264815"}],"collection":[{"href":"https:\/\/www.polishscience.pl\/fr\/wp-json\/wp\/v2\/posts"}],"about":[{"href":"https:\/\/www.polishscience.pl\/fr\/wp-json\/wp\/v2\/types\/post"}],"author":[{"embeddable":true,"href":"https:\/\/www.polishscience.pl\/fr\/wp-json\/wp\/v2\/users\/6"}],"replies":[{"embeddable":true,"href":"https:\/\/www.polishscience.pl\/fr\/wp-json\/wp\/v2\/comments?post=264815"}],"version-history":[{"count":1,"href":"https:\/\/www.polishscience.pl\/fr\/wp-json\/wp\/v2\/posts\/264815\/revisions"}],"predecessor-version":[{"id":264825,"href":"https:\/\/www.polishscience.pl\/fr\/wp-json\/wp\/v2\/posts\/264815\/revisions\/264825"}],"wp:featuredmedia":[{"embeddable":true,"href":"https:\/\/www.polishscience.pl\/fr\/wp-json\/wp\/v2\/media\/264752"}],"wp:attachment":[{"href":"https:\/\/www.polishscience.pl\/fr\/wp-json\/wp\/v2\/media?parent=264815"}],"wp:term":[{"taxonomy":"category","embeddable":true,"href":"https:\/\/www.polishscience.pl\/fr\/wp-json\/wp\/v2\/categories?post=264815"},{"taxonomy":"post_tag","embeddable":true,"href":"https:\/\/www.polishscience.pl\/fr\/wp-json\/wp\/v2\/tags?post=264815"}],"curies":[{"name":"wp","href":"https:\/\/api.w.org\/{rel}","templated":true}]}}