{"id":263472,"date":"2023-01-30T11:54:20","date_gmt":"2023-01-30T10:54:20","guid":{"rendered":"https:\/\/polishscience.pl\/?p=263472"},"modified":"2023-01-30T11:54:20","modified_gmt":"2023-01-30T10:54:20","slug":"la-journee-mondiale-des-zones-humides","status":"publish","type":"post","link":"https:\/\/www.polishscience.pl\/fr\/la-journee-mondiale-des-zones-humides\/","title":{"rendered":"La Journ\u00e9e Mondiale des Zones Humides"},"content":{"rendered":"<p><b>La c\u00e9l\u00e9bration de la Journ\u00e9e Mondiale des Zones Humides aura lieu le 3 f\u00e9vrier 2023 \u00e0 la Facult\u00e9 des Sciences de la Terre et de la Gestion Spatiale de l&rsquo;Universit\u00e9 Maria Curie-Sk\u0142odowska (UMCS) \u00e0 Lublin. Cette ann\u00e9e, la 6e \u00e9dition de l&rsquo;\u00e9v\u00e9nement se compose de deux parties : une partie de vulgarisation scientifique et une session scientifique. Le th\u00e8me de l&rsquo;\u00e9dition de cette ann\u00e9e est \u00ab\u00a0Il est temps de restaurer les zones humides\u00a0\u00bb.<\/b><\/p>\n<p><span style=\"font-weight: 400;\">La partie vulgarisation scientifique, qui comprend des conf\u00e9rences, des ateliers, des concours et des expositions, s&rsquo;adresse principalement aux \u00e9l\u00e8ves du secondaire et \u00e0 toutes les personnes int\u00e9ress\u00e9es par le th\u00e8me des zones humides.<\/span><\/p>\n<p><span style=\"font-weight: 400;\">Le programme de la partie vulgarisation scientifique de l&rsquo;\u00e9v\u00e9nement comprend trois conf\u00e9rences, 13 ateliers th\u00e9matiques, des expositions de peintures et de photographies et des concours. La partie scientifique de l&rsquo;\u00e9v\u00e9nement comprendra des expos\u00e9s de sp\u00e9cialistes &#8211; scientifiques et praticiens &#8211; sur des projets en cours ou termin\u00e9s, ainsi que sur les valeurs naturelles des zones humides, la protection des esp\u00e8ces et des habitats, la coop\u00e9ration transfrontali\u00e8re ou l&rsquo;impact du changement climatique sur le comportement de l&rsquo;avifaune.<\/span><\/p>\n","protected":false},"excerpt":{"rendered":"<p>La c\u00e9l\u00e9bration de la Journ\u00e9e Mondiale des Zones Humides aura lieu le 3 f\u00e9vrier 2023 \u00e0 la Facult\u00e9 des Sciences de la Terre et de la Gestion Spatiale de l&rsquo;Universit\u00e9 Maria Curie-Sk\u0142odowska (UMCS) \u00e0 Lublin. Cette ann\u00e9e, la 6e \u00e9dition de l&rsquo;\u00e9v\u00e9nement se compose de deux parties : une partie de vulgarisation scientifique et une [&hellip;]<\/p>\n","protected":false},"author":6,"featured_media":263406,"comment_status":"closed","ping_status":"closed","sticky":false,"template":"","format":"standard","meta":[],"categories":[41],"tags":[],"_links":{"self":[{"href":"https:\/\/www.polishscience.pl\/fr\/wp-json\/wp\/v2\/posts\/263472"}],"collection":[{"href":"https:\/\/www.polishscience.pl\/fr\/wp-json\/wp\/v2\/posts"}],"about":[{"href":"https:\/\/www.polishscience.pl\/fr\/wp-json\/wp\/v2\/types\/post"}],"author":[{"embeddable":true,"href":"https:\/\/www.polishscience.pl\/fr\/wp-json\/wp\/v2\/users\/6"}],"replies":[{"embeddable":true,"href":"https:\/\/www.polishscience.pl\/fr\/wp-json\/wp\/v2\/comments?post=263472"}],"version-history":[{"count":1,"href":"https:\/\/www.polishscience.pl\/fr\/wp-json\/wp\/v2\/posts\/263472\/revisions"}],"predecessor-version":[{"id":263479,"href":"https:\/\/www.polishscience.pl\/fr\/wp-json\/wp\/v2\/posts\/263472\/revisions\/263479"}],"wp:featuredmedia":[{"embeddable":true,"href":"https:\/\/www.polishscience.pl\/fr\/wp-json\/wp\/v2\/media\/263406"}],"wp:attachment":[{"href":"https:\/\/www.polishscience.pl\/fr\/wp-json\/wp\/v2\/media?parent=263472"}],"wp:term":[{"taxonomy":"category","embeddable":true,"href":"https:\/\/www.polishscience.pl\/fr\/wp-json\/wp\/v2\/categories?post=263472"},{"taxonomy":"post_tag","embeddable":true,"href":"https:\/\/www.polishscience.pl\/fr\/wp-json\/wp\/v2\/tags?post=263472"}],"curies":[{"name":"wp","href":"https:\/\/api.w.org\/{rel}","templated":true}]}}