{"id":263065,"date":"2023-01-26T13:01:53","date_gmt":"2023-01-26T12:01:53","guid":{"rendered":"https:\/\/polishscience.pl\/?p=263065"},"modified":"2023-01-26T13:01:53","modified_gmt":"2023-01-26T12:01:53","slug":"lexposition-la-numerisation-en-3d-du-patrimoine-sacre-polonais-aux-etats-unis","status":"publish","type":"post","link":"https:\/\/www.polishscience.pl\/fr\/lexposition-la-numerisation-en-3d-du-patrimoine-sacre-polonais-aux-etats-unis\/","title":{"rendered":"L\u2019exposition \u00ab\u00a0La num\u00e9risation en 3D du patrimoine sacr\u00e9 polonais aux \u00c9tats-Unis\u00a0\u00bb"},"content":{"rendered":"<p><b>L&rsquo;inauguration de l&rsquo;exposition intitul\u00e9e \u00ab\u00a0La num\u00e9risation 3D du patrimoine sacr\u00e9 polonais aux \u00c9tats-Unis\u00a0\u00bb aura lieu dans la galerie du Centre d&rsquo;Information Scientifique et Technique de la Polytechnique de Lublin le 27 janvier 2023.\u00a0<\/b><\/p>\n<p><span style=\"font-weight: 400;\">L&rsquo;exposition photographique est une \u0153uvre collective des participants de la premi\u00e8re exp\u00e9dition scientifique de la Fondation ECCC (European Certificate of Digital Competence) aux \u00c9tats-Unis, qui s&rsquo;est d\u00e9roul\u00e9e du 9 au 22 octobre 2022.\u00a0<\/span><\/p>\n<p><span style=\"font-weight: 400;\">L&rsquo;exp\u00e9dition a \u00e9t\u00e9 r\u00e9alis\u00e9e dans le cadre du projet intitul\u00e9 \u00ab\u00a0La recherche sur le patrimoine culturel national de la communaut\u00e9 polonaise aux \u00c9tats-Unis et la cr\u00e9ation de collections de souvenirs num\u00e9riques\u00a0\u00bb et a \u00e9t\u00e9 financ\u00e9e par le programme \u00ab\u00a0La Science pour la Soci\u00e9t\u00e9\u00a0\u00bb du Minist\u00e8re de l&rsquo;\u00c9ducation et des Sciences. L&rsquo;exp\u00e9dition a travaill\u00e9 dans les villes o\u00f9 les Polonais s&rsquo;\u00e9taient install\u00e9s depuis la fin du XIXe si\u00e8cle, Chicago et Milwaukee.<\/span><\/p>\n<p><span style=\"font-weight: 400;\">Au cours de l&rsquo;exp\u00e9dition, l&rsquo;\u00e9quipe a examin\u00e9 six b\u00e2timents d&rsquo;\u00e9glise qui avaient \u00e9t\u00e9 financ\u00e9s par les contributions des Polonais vivant sur place. L&rsquo;aspect tridimensionnel de ces b\u00e2timents (int\u00e9rieur et ext\u00e9rieur) a \u00e9t\u00e9 saisi \u00e0 l&rsquo;aide d&rsquo;un scanner laser terrestre FARO Fokus de pointe et de la photogramm\u00e9trie, ainsi que de certains petits d\u00e9tails architecturaux et reliquaires.<\/span><\/p>\n","protected":false},"excerpt":{"rendered":"<p>L&rsquo;inauguration de l&rsquo;exposition intitul\u00e9e \u00ab\u00a0La num\u00e9risation 3D du patrimoine sacr\u00e9 polonais aux \u00c9tats-Unis\u00a0\u00bb aura lieu dans la galerie du Centre d&rsquo;Information Scientifique et Technique de la Polytechnique de Lublin le 27 janvier 2023.\u00a0 L&rsquo;exposition photographique est une \u0153uvre collective des participants de la premi\u00e8re exp\u00e9dition scientifique de la Fondation ECCC (European Certificate of Digital Competence) [&hellip;]<\/p>\n","protected":false},"author":6,"featured_media":262984,"comment_status":"closed","ping_status":"closed","sticky":false,"template":"","format":"standard","meta":[],"categories":[41],"tags":[],"_links":{"self":[{"href":"https:\/\/www.polishscience.pl\/fr\/wp-json\/wp\/v2\/posts\/263065"}],"collection":[{"href":"https:\/\/www.polishscience.pl\/fr\/wp-json\/wp\/v2\/posts"}],"about":[{"href":"https:\/\/www.polishscience.pl\/fr\/wp-json\/wp\/v2\/types\/post"}],"author":[{"embeddable":true,"href":"https:\/\/www.polishscience.pl\/fr\/wp-json\/wp\/v2\/users\/6"}],"replies":[{"embeddable":true,"href":"https:\/\/www.polishscience.pl\/fr\/wp-json\/wp\/v2\/comments?post=263065"}],"version-history":[{"count":1,"href":"https:\/\/www.polishscience.pl\/fr\/wp-json\/wp\/v2\/posts\/263065\/revisions"}],"predecessor-version":[{"id":263073,"href":"https:\/\/www.polishscience.pl\/fr\/wp-json\/wp\/v2\/posts\/263065\/revisions\/263073"}],"wp:featuredmedia":[{"embeddable":true,"href":"https:\/\/www.polishscience.pl\/fr\/wp-json\/wp\/v2\/media\/262984"}],"wp:attachment":[{"href":"https:\/\/www.polishscience.pl\/fr\/wp-json\/wp\/v2\/media?parent=263065"}],"wp:term":[{"taxonomy":"category","embeddable":true,"href":"https:\/\/www.polishscience.pl\/fr\/wp-json\/wp\/v2\/categories?post=263065"},{"taxonomy":"post_tag","embeddable":true,"href":"https:\/\/www.polishscience.pl\/fr\/wp-json\/wp\/v2\/tags?post=263065"}],"curies":[{"name":"wp","href":"https:\/\/api.w.org\/{rel}","templated":true}]}}