{"id":262861,"date":"2023-01-25T10:20:30","date_gmt":"2023-01-25T09:20:30","guid":{"rendered":"https:\/\/polishscience.pl\/?p=262861"},"modified":"2023-01-25T10:20:30","modified_gmt":"2023-01-25T09:20:30","slug":"la-conference-de-copernic-a-cracovie-cracovie-a-copernic-lors-de-linauguration-de-lannee-copernic","status":"publish","type":"post","link":"https:\/\/www.polishscience.pl\/fr\/la-conference-de-copernic-a-cracovie-cracovie-a-copernic-lors-de-linauguration-de-lannee-copernic\/","title":{"rendered":"La conf\u00e9rence \u00ab\u00a0De Copernic \u00e0 Cracovie. Cracovie \u00e0 Copernic\u00a0\u00bb lors de l&rsquo;inauguration de l&rsquo;Ann\u00e9e Copernic"},"content":{"rendered":"<p><b>Un s\u00e9minaire du professeur Aleksander B. Skotnicki\u00a0 le 26 janvier, inaugurera les c\u00e9l\u00e9brations de l&rsquo;Ann\u00e9e Nicolas Copernic \u00e0 Cracovie, organis\u00e9es \u00e0 l&rsquo;occasion du 550e anniversaire de la naissance de l&rsquo;\u00e9minent astronome, qui tombe en 2023.\u00a0<\/b><\/p>\n<p><span style=\"font-weight: 400;\">Au cours de la rencontre dans la biblioth\u00e8que du Collegium Maius de l&rsquo;Universit\u00e9 Jagellonne (UJ), le professeur Skotnicki pr\u00e9sentera l&rsquo;histoire du monument comm\u00e9morant l&rsquo;\u00e9tudiant le plus c\u00e9l\u00e8bre de l&rsquo;UJ.<\/span><\/p>\n<p><span style=\"font-weight: 400;\">Au printemps 1893, les autorit\u00e9s de l&rsquo;Universit\u00e9 Jagellonne se sont efforc\u00e9es de r\u00e9unir des fonds pour que Jan Matejko r\u00e9alise trois tableaux destin\u00e9s \u00e0 d\u00e9corer la salle de r\u00e9union du Collegium Novum. En septembre de cette ann\u00e9e-l\u00e0, le gouvernement de Vienne a allou\u00e9 30 000 zl. pour achever ces travaux. Malheureusement, Matejko est d\u00e9c\u00e9d\u00e9 en novembre 1893. Le chef du D\u00e9partement d&rsquo;Histoire de l&rsquo;Art de l&rsquo;\u00e9poque, le professeur Marian Soko\u0142owski, a propos\u00e9 au s\u00e9nat de l&rsquo;Universit\u00e9 Jagellonne d&rsquo;allouer une partie de ces fonds \u00e0 la construction d&rsquo;une statue de Copernic qui serait \u00e9rig\u00e9e dans la cour du Collegium Maius \u00e0 l&rsquo;occasion du 500e anniversaire de la restauration de l&rsquo;Acad\u00e9mie de Cracovie.\u00a0<\/span><\/p>\n<p><span style=\"font-weight: 400;\">Le monument de Copernic, con\u00e7u par Cyprian Godebski, a \u00e9t\u00e9 \u00e9rig\u00e9 en 1899 et inaugur\u00e9 dans la cour de l&rsquo;Universit\u00e9 Jagellonne le 8 juin 1900.<\/span><\/p>\n","protected":false},"excerpt":{"rendered":"<p>Un s\u00e9minaire du professeur Aleksander B. Skotnicki\u00a0 le 26 janvier, inaugurera les c\u00e9l\u00e9brations de l&rsquo;Ann\u00e9e Nicolas Copernic \u00e0 Cracovie, organis\u00e9es \u00e0 l&rsquo;occasion du 550e anniversaire de la naissance de l&rsquo;\u00e9minent astronome, qui tombe en 2023.\u00a0 Au cours de la rencontre dans la biblioth\u00e8que du Collegium Maius de l&rsquo;Universit\u00e9 Jagellonne (UJ), le professeur Skotnicki pr\u00e9sentera l&rsquo;histoire [&hellip;]<\/p>\n","protected":false},"author":6,"featured_media":262693,"comment_status":"closed","ping_status":"closed","sticky":false,"template":"","format":"standard","meta":[],"categories":[41],"tags":[],"_links":{"self":[{"href":"https:\/\/www.polishscience.pl\/fr\/wp-json\/wp\/v2\/posts\/262861"}],"collection":[{"href":"https:\/\/www.polishscience.pl\/fr\/wp-json\/wp\/v2\/posts"}],"about":[{"href":"https:\/\/www.polishscience.pl\/fr\/wp-json\/wp\/v2\/types\/post"}],"author":[{"embeddable":true,"href":"https:\/\/www.polishscience.pl\/fr\/wp-json\/wp\/v2\/users\/6"}],"replies":[{"embeddable":true,"href":"https:\/\/www.polishscience.pl\/fr\/wp-json\/wp\/v2\/comments?post=262861"}],"version-history":[{"count":1,"href":"https:\/\/www.polishscience.pl\/fr\/wp-json\/wp\/v2\/posts\/262861\/revisions"}],"predecessor-version":[{"id":262871,"href":"https:\/\/www.polishscience.pl\/fr\/wp-json\/wp\/v2\/posts\/262861\/revisions\/262871"}],"wp:featuredmedia":[{"embeddable":true,"href":"https:\/\/www.polishscience.pl\/fr\/wp-json\/wp\/v2\/media\/262693"}],"wp:attachment":[{"href":"https:\/\/www.polishscience.pl\/fr\/wp-json\/wp\/v2\/media?parent=262861"}],"wp:term":[{"taxonomy":"category","embeddable":true,"href":"https:\/\/www.polishscience.pl\/fr\/wp-json\/wp\/v2\/categories?post=262861"},{"taxonomy":"post_tag","embeddable":true,"href":"https:\/\/www.polishscience.pl\/fr\/wp-json\/wp\/v2\/tags?post=262861"}],"curies":[{"name":"wp","href":"https:\/\/api.w.org\/{rel}","templated":true}]}}