{"id":261107,"date":"2023-01-17T11:02:10","date_gmt":"2023-01-17T10:02:10","guid":{"rendered":"https:\/\/polishscience.pl\/?p=261107"},"modified":"2023-01-17T11:02:10","modified_gmt":"2023-01-17T10:02:10","slug":"la-journee-du-judaisme-dans-larchidiocese-de-lublin","status":"publish","type":"post","link":"https:\/\/www.polishscience.pl\/fr\/la-journee-du-judaisme-dans-larchidiocese-de-lublin\/","title":{"rendered":"La Journ\u00e9e du Juda\u00efsme dans l&rsquo;archidioc\u00e8se de Lublin"},"content":{"rendered":"<p><b>Cette ann\u00e9e, la c\u00e9l\u00e9bration de la Journ\u00e9e du Juda\u00efsme dans l&rsquo;archidioc\u00e8se de Lublin d\u00e9butera le mercredi 18 janvier 2023. L&rsquo;\u00e9v\u00e9nement est organis\u00e9 par le Centre Archidioc\u00e9sain pour le Dialogue Catholique-Juif et le Centre Abraham J. Heschel pour les Relations Catholiques-Juives de l&rsquo;Universit\u00e9 Catholique de Lublin (KUL).<\/b><\/p>\n<p><span style=\"font-weight: 400;\">Nous avons besoin de cette Journ\u00e9e du Juda\u00efsme, au cours de laquelle nous pouvons d\u00e9couvrir les racines juives de la religion chr\u00e9tienne, nous pouvons tenir un dialogue commun, nous pouvons prier ensemble, nous pouvons d\u00e9couvrir la richesse de nos religions et r\u00e9soudre ensemble les probl\u00e8mes que nous rencontrons dans le monde contemporain\u00a0\u00bb, a soulign\u00e9 le r\u00e9v\u00e9rend professeur Miros\u0142aw Wr\u00f3bel, directeur du Centre Abraham J. Heschel pour les Relations entre Catholiques et Juifs \u00e0 l&rsquo;Universit\u00e9 Catholique de Lublin (KUL).<\/span><\/p>\n<p><span style=\"font-weight: 400;\">La rencontre d\u00e9butera par le chant \u00ab\u00a0Shema Isra\u00ebl\u00a0\u00bb, apr\u00e8s quoi des textes de la Torah et des \u00e9vangiles seront lus et deux commentaires &#8211; juif et catholique &#8211; seront donn\u00e9s. Le rabbin Yitzhak Rapoport, de la Communaut\u00e9 Religieuse Juive de Varsovie, parlera de la c\u00e9l\u00e9bration juive de la P\u00e2que, tandis que le p\u00e8re Miros\u0142aw Bielecki, p\u00e8re du Centre Lumi\u00e8re et Amour de \u0141opoczno, pr\u00e9sentera la P\u00e2que chr\u00e9tienne.<\/span><\/p>\n","protected":false},"excerpt":{"rendered":"<p>Cette ann\u00e9e, la c\u00e9l\u00e9bration de la Journ\u00e9e du Juda\u00efsme dans l&rsquo;archidioc\u00e8se de Lublin d\u00e9butera le mercredi 18 janvier 2023. L&rsquo;\u00e9v\u00e9nement est organis\u00e9 par le Centre Archidioc\u00e9sain pour le Dialogue Catholique-Juif et le Centre Abraham J. Heschel pour les Relations Catholiques-Juives de l&rsquo;Universit\u00e9 Catholique de Lublin (KUL). Nous avons besoin de cette Journ\u00e9e du Juda\u00efsme, au [&hellip;]<\/p>\n","protected":false},"author":6,"featured_media":260969,"comment_status":"closed","ping_status":"closed","sticky":false,"template":"","format":"standard","meta":[],"categories":[41],"tags":[],"_links":{"self":[{"href":"https:\/\/www.polishscience.pl\/fr\/wp-json\/wp\/v2\/posts\/261107"}],"collection":[{"href":"https:\/\/www.polishscience.pl\/fr\/wp-json\/wp\/v2\/posts"}],"about":[{"href":"https:\/\/www.polishscience.pl\/fr\/wp-json\/wp\/v2\/types\/post"}],"author":[{"embeddable":true,"href":"https:\/\/www.polishscience.pl\/fr\/wp-json\/wp\/v2\/users\/6"}],"replies":[{"embeddable":true,"href":"https:\/\/www.polishscience.pl\/fr\/wp-json\/wp\/v2\/comments?post=261107"}],"version-history":[{"count":1,"href":"https:\/\/www.polishscience.pl\/fr\/wp-json\/wp\/v2\/posts\/261107\/revisions"}],"predecessor-version":[{"id":261117,"href":"https:\/\/www.polishscience.pl\/fr\/wp-json\/wp\/v2\/posts\/261107\/revisions\/261117"}],"wp:featuredmedia":[{"embeddable":true,"href":"https:\/\/www.polishscience.pl\/fr\/wp-json\/wp\/v2\/media\/260969"}],"wp:attachment":[{"href":"https:\/\/www.polishscience.pl\/fr\/wp-json\/wp\/v2\/media?parent=261107"}],"wp:term":[{"taxonomy":"category","embeddable":true,"href":"https:\/\/www.polishscience.pl\/fr\/wp-json\/wp\/v2\/categories?post=261107"},{"taxonomy":"post_tag","embeddable":true,"href":"https:\/\/www.polishscience.pl\/fr\/wp-json\/wp\/v2\/tags?post=261107"}],"curies":[{"name":"wp","href":"https:\/\/api.w.org\/{rel}","templated":true}]}}