{"id":260428,"date":"2023-01-13T12:22:28","date_gmt":"2023-01-13T11:22:28","guid":{"rendered":"https:\/\/polishscience.pl\/?p=260428"},"modified":"2023-01-13T12:22:43","modified_gmt":"2023-01-13T11:22:43","slug":"la-conference-scientifique-sur-lapiculture-a-lublin","status":"publish","type":"post","link":"https:\/\/www.polishscience.pl\/fr\/la-conference-scientifique-sur-lapiculture-a-lublin\/","title":{"rendered":"La Conf\u00e9rence Scientifique sur l&rsquo;Apiculture \u00e0 Lublin"},"content":{"rendered":"<p><b>La Conf\u00e9rence Scientifique Apicole pour l&rsquo;environnement socio-\u00e9conomique \u00ab\u00a0La Science en practique\u00a0\u00bb se tiendra le jeudi 19 janvier 2023 au Centre de Congr\u00e8s de l&rsquo;Universit\u00e9 des Sciences de la Vie de Lublin.\u00a0<\/b><\/p>\n<p>La conf\u00e9rence, qui vise \u00e0 relier le monde de la science \u00e0 l&rsquo;environnement socio-\u00e9conomique, a \u00e9t\u00e9 plac\u00e9e sous hait le patronage de trois minist\u00e8res : Climat et environnement, Agriculture et D\u00e9veloppement Rural et \u00c9ducation et Sciences.<\/p>\n<p>L&rsquo;objectif de l&rsquo;\u00e9v\u00e9nement est de pr\u00e9senter la communaut\u00e9 scientifique apicole, d&rsquo;int\u00e9grer la communaut\u00e9 acad\u00e9mique (traitant de diff\u00e9rentes branches de l&rsquo;apiculture dans leurs recherches) avec les apiculteurs et les entrepreneurs travaillant dans ce domaine.<\/p>\n<p>La conf\u00e9rence pr\u00e9sentera les orientations et les r\u00e9sultats des recherches men\u00e9es dans diff\u00e9rents centres scientifiques de toute la Pologne, leurs applications, mises en \u0153uvre et installations, utiles dans le travail quotidien de l&rsquo;apiculteur.<\/p>\n<p>&nbsp;<\/p>\n","protected":false},"excerpt":{"rendered":"<p>La Conf\u00e9rence Scientifique Apicole pour l&rsquo;environnement socio-\u00e9conomique \u00ab\u00a0La Science en practique\u00a0\u00bb se tiendra le jeudi 19 janvier 2023 au Centre de Congr\u00e8s de l&rsquo;Universit\u00e9 des Sciences de la Vie de Lublin.\u00a0 La conf\u00e9rence, qui vise \u00e0 relier le monde de la science \u00e0 l&rsquo;environnement socio-\u00e9conomique, a \u00e9t\u00e9 plac\u00e9e sous hait le patronage de trois minist\u00e8res [&hellip;]<\/p>\n","protected":false},"author":6,"featured_media":260334,"comment_status":"closed","ping_status":"closed","sticky":false,"template":"","format":"standard","meta":[],"categories":[41],"tags":[],"_links":{"self":[{"href":"https:\/\/www.polishscience.pl\/fr\/wp-json\/wp\/v2\/posts\/260428"}],"collection":[{"href":"https:\/\/www.polishscience.pl\/fr\/wp-json\/wp\/v2\/posts"}],"about":[{"href":"https:\/\/www.polishscience.pl\/fr\/wp-json\/wp\/v2\/types\/post"}],"author":[{"embeddable":true,"href":"https:\/\/www.polishscience.pl\/fr\/wp-json\/wp\/v2\/users\/6"}],"replies":[{"embeddable":true,"href":"https:\/\/www.polishscience.pl\/fr\/wp-json\/wp\/v2\/comments?post=260428"}],"version-history":[{"count":2,"href":"https:\/\/www.polishscience.pl\/fr\/wp-json\/wp\/v2\/posts\/260428\/revisions"}],"predecessor-version":[{"id":260439,"href":"https:\/\/www.polishscience.pl\/fr\/wp-json\/wp\/v2\/posts\/260428\/revisions\/260439"}],"wp:featuredmedia":[{"embeddable":true,"href":"https:\/\/www.polishscience.pl\/fr\/wp-json\/wp\/v2\/media\/260334"}],"wp:attachment":[{"href":"https:\/\/www.polishscience.pl\/fr\/wp-json\/wp\/v2\/media?parent=260428"}],"wp:term":[{"taxonomy":"category","embeddable":true,"href":"https:\/\/www.polishscience.pl\/fr\/wp-json\/wp\/v2\/categories?post=260428"},{"taxonomy":"post_tag","embeddable":true,"href":"https:\/\/www.polishscience.pl\/fr\/wp-json\/wp\/v2\/tags?post=260428"}],"curies":[{"name":"wp","href":"https:\/\/api.w.org\/{rel}","templated":true}]}}