{"id":260427,"date":"2023-01-13T12:22:22","date_gmt":"2023-01-13T11:22:22","guid":{"rendered":"https:\/\/polishscience.pl\/?p=260427"},"modified":"2023-01-13T12:22:22","modified_gmt":"2023-01-13T11:22:22","slug":"les-entretiens-polono-italiens-sur-la-science-et-leducation","status":"publish","type":"post","link":"https:\/\/www.polishscience.pl\/fr\/les-entretiens-polono-italiens-sur-la-science-et-leducation\/","title":{"rendered":"Les entretiens polono-italiens sur la science et l&rsquo;\u00e9ducation"},"content":{"rendered":"<p><b>L&rsquo;\u00e9change d&rsquo;exp\u00e9riences, la coop\u00e9ration entre les universit\u00e9s polonaises et italiennes, l&rsquo;admission des enfants ukrainiens dans les \u00e9coles et la situation des \u00e9l\u00e8ves des \u00e9coles polonaises en Italie ont \u00e9t\u00e9 les principaux sujets des entretiens entre le Ministre de l&rsquo;\u00c9ducation et des Sciences, Przemys\u0142aw Czarnek et le Ministre de l&rsquo;\u00c9ducation et du M\u00e9rite de la R\u00e9publique italienne, Giuseppe Valditar, qui se sont tenus \u00e0 Cracovie.<\/b><\/p>\n<p>C&rsquo;est ici, \u00e0 Cracovie, au tournant des XIVe et XVe si\u00e8cles, qu&rsquo;a \u00e9t\u00e9 fond\u00e9e la premi\u00e8re universit\u00e9 de Pologne et la deuxi\u00e8me de cette partie de l&rsquo;Europe. Trois cents et cent cinquante ans apr\u00e8s la fondation des universit\u00e9s de Bologne et de Padoue\u00a0\u00bb, a rappel\u00e9 le ministre Czarnek et a soulign\u00e9 qu&rsquo;\u00e0 Cracovie, sur la base de l&rsquo;amiti\u00e9 entre Karol Wojtyla et Jerzy Kruger, de nouvelles relations polono-juives et catholiques-juives sont n\u00e9es. Cracovie est une ville symbolique pour toute la Pologne, cette partie de l&rsquo;Europe et l&rsquo;Europe en g\u00e9n\u00e9ral\u00a0\u00bb.<\/p>\n<p>Apr\u00e8s les entretiens, les ministres ont rencontr\u00e9 des \u00e9tudiants de l&rsquo;Istituto Istruzione Superiore \u00ab\u00a0GIOVANNI BERTACCHI\u00a0\u00bb de Lecco et du lyc\u00e9e Tadeusz Kosciuszko n\u00b04 de Cracovie, qui ont assist\u00e9 \u00e0 la projection d&rsquo;un film sur la technologie VR intitul\u00e9. \u00ab\u00a0Une carte du soulevement\u00a0\u00bb.<\/p>\n","protected":false},"excerpt":{"rendered":"<p>L&rsquo;\u00e9change d&rsquo;exp\u00e9riences, la coop\u00e9ration entre les universit\u00e9s polonaises et italiennes, l&rsquo;admission des enfants ukrainiens dans les \u00e9coles et la situation des \u00e9l\u00e8ves des \u00e9coles polonaises en Italie ont \u00e9t\u00e9 les principaux sujets des entretiens entre le Ministre de l&rsquo;\u00c9ducation et des Sciences, Przemys\u0142aw Czarnek et le Ministre de l&rsquo;\u00c9ducation et du M\u00e9rite de la R\u00e9publique [&hellip;]<\/p>\n","protected":false},"author":6,"featured_media":260324,"comment_status":"closed","ping_status":"closed","sticky":false,"template":"","format":"standard","meta":[],"categories":[41],"tags":[],"_links":{"self":[{"href":"https:\/\/www.polishscience.pl\/fr\/wp-json\/wp\/v2\/posts\/260427"}],"collection":[{"href":"https:\/\/www.polishscience.pl\/fr\/wp-json\/wp\/v2\/posts"}],"about":[{"href":"https:\/\/www.polishscience.pl\/fr\/wp-json\/wp\/v2\/types\/post"}],"author":[{"embeddable":true,"href":"https:\/\/www.polishscience.pl\/fr\/wp-json\/wp\/v2\/users\/6"}],"replies":[{"embeddable":true,"href":"https:\/\/www.polishscience.pl\/fr\/wp-json\/wp\/v2\/comments?post=260427"}],"version-history":[{"count":1,"href":"https:\/\/www.polishscience.pl\/fr\/wp-json\/wp\/v2\/posts\/260427\/revisions"}],"predecessor-version":[{"id":260437,"href":"https:\/\/www.polishscience.pl\/fr\/wp-json\/wp\/v2\/posts\/260427\/revisions\/260437"}],"wp:featuredmedia":[{"embeddable":true,"href":"https:\/\/www.polishscience.pl\/fr\/wp-json\/wp\/v2\/media\/260324"}],"wp:attachment":[{"href":"https:\/\/www.polishscience.pl\/fr\/wp-json\/wp\/v2\/media?parent=260427"}],"wp:term":[{"taxonomy":"category","embeddable":true,"href":"https:\/\/www.polishscience.pl\/fr\/wp-json\/wp\/v2\/categories?post=260427"},{"taxonomy":"post_tag","embeddable":true,"href":"https:\/\/www.polishscience.pl\/fr\/wp-json\/wp\/v2\/tags?post=260427"}],"curies":[{"name":"wp","href":"https:\/\/api.w.org\/{rel}","templated":true}]}}