{"id":260181,"date":"2023-01-12T11:00:51","date_gmt":"2023-01-12T10:00:51","guid":{"rendered":"https:\/\/polishscience.pl\/?p=260181"},"modified":"2023-01-12T11:00:51","modified_gmt":"2023-01-12T10:00:51","slug":"la-ville-et-la-commune-de-wieliczka-organiseront-une-conference-scientifique-en-collaboration-avec-luniversite-deconomie-de-cracovie","status":"publish","type":"post","link":"https:\/\/www.polishscience.pl\/fr\/la-ville-et-la-commune-de-wieliczka-organiseront-une-conference-scientifique-en-collaboration-avec-luniversite-deconomie-de-cracovie\/","title":{"rendered":"La ville et la commune de Wieliczka organiseront une conf\u00e9rence scientifique en collaboration avec l&rsquo;Universit\u00e9 d&rsquo;\u00c9conomie de Cracovie."},"content":{"rendered":"<p><b>Le maire de la ville et de la commune de Wieliczka, Dr Artur Kozio\u0142, a sign\u00e9 un accord avec le recteur de l&rsquo;Universit\u00e9 d&rsquo;\u00c9conomie de Cracovie (UEK), Dr Stanis\u0142aw Mazur, professeur de l&rsquo;UEK, concernant l&rsquo;organisation conjointe d&rsquo;une conf\u00e9rence scientifique \u00a0\u00bb L\u2019autonomie 6.0. Le d\u00e9veloppement social, les services \u00e9conomiques, la finance moderne \u00ab\u00a0, qui se tiendra \u00e0 Wieliczka en juin 2023.<\/b><\/p>\n<p><span style=\"font-weight: 400;\">L&rsquo;accord sign\u00e9 suppose que l&rsquo;UEK, dans le cadre de la coop\u00e9ration pr\u00e9vue, aidera \u00e0 la cr\u00e9ation du plan de la conf\u00e9rence, et fournira un soutien substantiel dans la mise en \u0153uvre des panels de discussion pendant l&rsquo;\u00e9v\u00e9nement.<\/span><\/p>\n<p><span style=\"font-weight: 400;\">Je suis heureux qu&rsquo;en tant qu&rsquo;universit\u00e9 d&rsquo;\u00e9conomie de Cracovie, nous d\u00e9veloppions et approfondissions notre coop\u00e9ration non seulement avec le secteur des affaires, mais aussi avec le gouvernement local. La ville et la commune de Wieliczka est un endroit magnifique au potentiel \u00e9norme. Je suis s\u00fbr que la coop\u00e9ration initi\u00e9e aujourd&rsquo;hui se poursuivra et donnera lieu \u00e0 d&rsquo;autres initiatives notables\u00a0\u00bb, a d\u00e9clar\u00e9 le recteur de l&rsquo;UEK, le docteur d\u2019\u00c9tat Stanis\u0142aw Mazur, professeur \u00e0 l\u2019UEK.<\/span><\/p>\n<p>&nbsp;<\/p>\n","protected":false},"excerpt":{"rendered":"<p>Le maire de la ville et de la commune de Wieliczka, Dr Artur Kozio\u0142, a sign\u00e9 un accord avec le recteur de l&rsquo;Universit\u00e9 d&rsquo;\u00c9conomie de Cracovie (UEK), Dr Stanis\u0142aw Mazur, professeur de l&rsquo;UEK, concernant l&rsquo;organisation conjointe d&rsquo;une conf\u00e9rence scientifique \u00a0\u00bb L\u2019autonomie 6.0. Le d\u00e9veloppement social, les services \u00e9conomiques, la finance moderne \u00ab\u00a0, qui se tiendra [&hellip;]<\/p>\n","protected":false},"author":6,"featured_media":260113,"comment_status":"closed","ping_status":"closed","sticky":false,"template":"","format":"standard","meta":[],"categories":[41],"tags":[],"_links":{"self":[{"href":"https:\/\/www.polishscience.pl\/fr\/wp-json\/wp\/v2\/posts\/260181"}],"collection":[{"href":"https:\/\/www.polishscience.pl\/fr\/wp-json\/wp\/v2\/posts"}],"about":[{"href":"https:\/\/www.polishscience.pl\/fr\/wp-json\/wp\/v2\/types\/post"}],"author":[{"embeddable":true,"href":"https:\/\/www.polishscience.pl\/fr\/wp-json\/wp\/v2\/users\/6"}],"replies":[{"embeddable":true,"href":"https:\/\/www.polishscience.pl\/fr\/wp-json\/wp\/v2\/comments?post=260181"}],"version-history":[{"count":1,"href":"https:\/\/www.polishscience.pl\/fr\/wp-json\/wp\/v2\/posts\/260181\/revisions"}],"predecessor-version":[{"id":260190,"href":"https:\/\/www.polishscience.pl\/fr\/wp-json\/wp\/v2\/posts\/260181\/revisions\/260190"}],"wp:featuredmedia":[{"embeddable":true,"href":"https:\/\/www.polishscience.pl\/fr\/wp-json\/wp\/v2\/media\/260113"}],"wp:attachment":[{"href":"https:\/\/www.polishscience.pl\/fr\/wp-json\/wp\/v2\/media?parent=260181"}],"wp:term":[{"taxonomy":"category","embeddable":true,"href":"https:\/\/www.polishscience.pl\/fr\/wp-json\/wp\/v2\/categories?post=260181"},{"taxonomy":"post_tag","embeddable":true,"href":"https:\/\/www.polishscience.pl\/fr\/wp-json\/wp\/v2\/tags?post=260181"}],"curies":[{"name":"wp","href":"https:\/\/api.w.org\/{rel}","templated":true}]}}