{"id":259891,"date":"2023-01-11T10:48:30","date_gmt":"2023-01-11T09:48:30","guid":{"rendered":"https:\/\/polishscience.pl\/?p=259891"},"modified":"2023-01-11T10:48:30","modified_gmt":"2023-01-11T09:48:30","slug":"louverture-du-bureau-detudes-de-luniversite-catholique-de-lublin-kul-pour-la-diaspora-polonaise-polonia-et-les-polonais-a-letranger-a-paris","status":"publish","type":"post","link":"https:\/\/www.polishscience.pl\/fr\/louverture-du-bureau-detudes-de-luniversite-catholique-de-lublin-kul-pour-la-diaspora-polonaise-polonia-et-les-polonais-a-letranger-a-paris\/","title":{"rendered":"L\u2019ouverture du Bureau d&rsquo;\u00c9tudes de l\u2019Universit\u00e9 Catholique de Lublin (KUL) pour la diaspora polonaise (Polonia) et les Polonais \u00e0 l&rsquo;\u00e9tranger \u00e0 Paris"},"content":{"rendered":"<p><b>L&rsquo;Universit\u00e9 Catholique de Lublin (KUL) et la Mission Catholique Polonaise en France ont le plaisir de vous inviter \u00e0 assister \u00e0 l&rsquo;ouverture officielle du Bureau d&rsquo;\u00c9tudes de la KUL pour la diaspora polonaise (Polonia) et les Polonais \u00e0 l&rsquo;\u00e9tranger au S\u00e9minaire polonais de Paris le samedi 14 janvier 2023. L&rsquo;\u00e9v\u00e9nement sera accompagn\u00e9 d&rsquo;une conf\u00e9rence intitul\u00e9e \u00a0\u00bb Le patriotisme moderne, comment promouvoir les valeurs dans le monde d&rsquo;aujourd&rsquo;hui \u00ab\u00a0. Les d\u00e9fis contemporains de la communication, les nouveaux m\u00e9dias et les technologies\u00a0\u00bb.<\/b><\/p>\n<p>L&rsquo;\u00e9v\u00e9nement verra la participation, entre autres, de l&rsquo;\u00e9v\u00eaque Piotr Turzy\u0144ski, d\u00e9l\u00e9gu\u00e9 de la Conf\u00e9rence \u00c9piscopale Polonaise pour la pastorale des \u00e9migr\u00e9s polonais, et du r\u00e9v\u00e9rend Prof. Miros\u0142aw Kalinowski, recteur de l&rsquo;Universit\u00e9 Catholique de Lublin.<\/p>\n<p>Les t\u00e2ches du Bureau nouvellement ouvert de l&rsquo;Universit\u00e9 Catholique de Lublin (KUL) comprendront l&rsquo;organisation de cours \u00e0 plein temps, de formations et d&rsquo;\u00e9tudes post-universitaires, ainsi que de conf\u00e9rences, de symposiums, de d\u00e9bats th\u00e9matiques, de cours et de classes en polonais et l&rsquo;\u00e9l\u00e9vation des qualifications, par exemple pour les enseignants des \u00e9coles polonaises. Le bureau sera \u00e9galement un lieu de cours et de rencontres pour les enfants et les jeunes polonais.<\/p>\n","protected":false},"excerpt":{"rendered":"<p>L&rsquo;Universit\u00e9 Catholique de Lublin (KUL) et la Mission Catholique Polonaise en France ont le plaisir de vous inviter \u00e0 assister \u00e0 l&rsquo;ouverture officielle du Bureau d&rsquo;\u00c9tudes de la KUL pour la diaspora polonaise (Polonia) et les Polonais \u00e0 l&rsquo;\u00e9tranger au S\u00e9minaire polonais de Paris le samedi 14 janvier 2023. L&rsquo;\u00e9v\u00e9nement sera accompagn\u00e9 d&rsquo;une conf\u00e9rence intitul\u00e9e [&hellip;]<\/p>\n","protected":false},"author":6,"featured_media":259719,"comment_status":"closed","ping_status":"closed","sticky":false,"template":"","format":"standard","meta":[],"categories":[41],"tags":[],"_links":{"self":[{"href":"https:\/\/www.polishscience.pl\/fr\/wp-json\/wp\/v2\/posts\/259891"}],"collection":[{"href":"https:\/\/www.polishscience.pl\/fr\/wp-json\/wp\/v2\/posts"}],"about":[{"href":"https:\/\/www.polishscience.pl\/fr\/wp-json\/wp\/v2\/types\/post"}],"author":[{"embeddable":true,"href":"https:\/\/www.polishscience.pl\/fr\/wp-json\/wp\/v2\/users\/6"}],"replies":[{"embeddable":true,"href":"https:\/\/www.polishscience.pl\/fr\/wp-json\/wp\/v2\/comments?post=259891"}],"version-history":[{"count":1,"href":"https:\/\/www.polishscience.pl\/fr\/wp-json\/wp\/v2\/posts\/259891\/revisions"}],"predecessor-version":[{"id":259892,"href":"https:\/\/www.polishscience.pl\/fr\/wp-json\/wp\/v2\/posts\/259891\/revisions\/259892"}],"wp:featuredmedia":[{"embeddable":true,"href":"https:\/\/www.polishscience.pl\/fr\/wp-json\/wp\/v2\/media\/259719"}],"wp:attachment":[{"href":"https:\/\/www.polishscience.pl\/fr\/wp-json\/wp\/v2\/media?parent=259891"}],"wp:term":[{"taxonomy":"category","embeddable":true,"href":"https:\/\/www.polishscience.pl\/fr\/wp-json\/wp\/v2\/categories?post=259891"},{"taxonomy":"post_tag","embeddable":true,"href":"https:\/\/www.polishscience.pl\/fr\/wp-json\/wp\/v2\/tags?post=259891"}],"curies":[{"name":"wp","href":"https:\/\/api.w.org\/{rel}","templated":true}]}}