{"id":259540,"date":"2023-01-10T10:09:50","date_gmt":"2023-01-10T09:09:50","guid":{"rendered":"https:\/\/polishscience.pl\/?p=259540"},"modified":"2023-01-10T10:09:50","modified_gmt":"2023-01-10T09:09:50","slug":"la-conference-intitulee-lamendement-du-code-du-travail-levaluation-de-la-reglementation-et-ses-consequences-a-lacademie-wsb-a-dabrowa-gornicza","status":"publish","type":"post","link":"https:\/\/www.polishscience.pl\/fr\/la-conference-intitulee-lamendement-du-code-du-travail-levaluation-de-la-reglementation-et-ses-consequences-a-lacademie-wsb-a-dabrowa-gornicza\/","title":{"rendered":"La conf\u00e9rence intitul\u00e9e \u00ab\u00a0L\u2019amendement du Code du Travail \u2013 L\u2019\u00e9valuation de la r\u00e9glementation et ses cons\u00e9quences\u00a0\u00bb \u00e0 l&rsquo;Acad\u00e9mie WSB \u00e0 D\u0105browa G\u00f3rnicza"},"content":{"rendered":"<p><b>Le D\u00e9partement de Droit et d&rsquo;Administration de l&rsquo;Acad\u00e9mie WSB de D\u0105browa G\u00f3rnicza invite \u00e0 une conf\u00e9rence scientifique le 1er f\u00e9vrier intitul\u00e9e \u00ab\u00a0La modification du code du travail \u2013 L\u2019\u00e9valuation de la r\u00e9glementation et de ses effets\u00a0\u00bb. La conf\u00e9rence r\u00e9unira des sp\u00e9cialistes du droit du travail, de la protection des donn\u00e9es personnelles et de la s\u00e9curit\u00e9 de l&rsquo;information ainsi que du droit des affaires.<\/b><\/p>\n<p><span style=\"font-weight: 400;\">La conf\u00e9rence portera sur les questions li\u00e9es aux modifications du code du travail, qui devraient entrer en vigueur en 2023. Les changements propos\u00e9s seront importants &#8211; tant pour l&#8217;employeur que pour l&#8217;employ\u00e9. L&rsquo;amendement est \u00e9galement justifi\u00e9 par la n\u00e9cessit\u00e9 de mettre en \u0153uvre les directives de l&rsquo;UE, notamment la directive sur l&rsquo;\u00e9quilibre entre vie professionnelle et vie priv\u00e9e\u00a0\u00bb, peut-on lire dans l&rsquo;invitation.<\/span><\/p>\n<p><span style=\"font-weight: 400;\">Dans le cadre de la conf\u00e9rence, la question du travail \u00e0 distance, qui a \u00e9t\u00e9 accept\u00e9 dans l&rsquo;ordre juridique polonais comme une solution temporaire introduite par la loi dite Covidium, sera \u00e9galement analys\u00e9e. Actuellement, le l\u00e9gislateur envisage d&rsquo;introduire ces solutions de mani\u00e8re permanente dans le Code du travail.\u00a0<\/span><\/p>\n<p>&nbsp;<\/p>\n<p><span style=\"font-weight: 400;\">En savoir plus : <\/span><a href=\"https:\/\/wsb.edu.pl\/uczelnia\/aktualnosci\/konferencja-naukowa-nowelizacja-kodeksu-pracy-ocena-regulacji-i-jej-skutki-2.html\"><span style=\"font-weight: 400;\">https:\/\/wsb.edu.pl\/uczelnia\/aktualnosci\/konferencja-naukowa-nowelizacja-kodeksu-pracy-ocena-regulacji-i-jej-skutki-2.html<\/span><\/a><\/p>\n","protected":false},"excerpt":{"rendered":"<p>Le D\u00e9partement de Droit et d&rsquo;Administration de l&rsquo;Acad\u00e9mie WSB de D\u0105browa G\u00f3rnicza invite \u00e0 une conf\u00e9rence scientifique le 1er f\u00e9vrier intitul\u00e9e \u00ab\u00a0La modification du code du travail \u2013 L\u2019\u00e9valuation de la r\u00e9glementation et de ses effets\u00a0\u00bb. La conf\u00e9rence r\u00e9unira des sp\u00e9cialistes du droit du travail, de la protection des donn\u00e9es personnelles et de la s\u00e9curit\u00e9 [&hellip;]<\/p>\n","protected":false},"author":6,"featured_media":259469,"comment_status":"closed","ping_status":"closed","sticky":false,"template":"","format":"standard","meta":[],"categories":[41],"tags":[],"_links":{"self":[{"href":"https:\/\/www.polishscience.pl\/fr\/wp-json\/wp\/v2\/posts\/259540"}],"collection":[{"href":"https:\/\/www.polishscience.pl\/fr\/wp-json\/wp\/v2\/posts"}],"about":[{"href":"https:\/\/www.polishscience.pl\/fr\/wp-json\/wp\/v2\/types\/post"}],"author":[{"embeddable":true,"href":"https:\/\/www.polishscience.pl\/fr\/wp-json\/wp\/v2\/users\/6"}],"replies":[{"embeddable":true,"href":"https:\/\/www.polishscience.pl\/fr\/wp-json\/wp\/v2\/comments?post=259540"}],"version-history":[{"count":1,"href":"https:\/\/www.polishscience.pl\/fr\/wp-json\/wp\/v2\/posts\/259540\/revisions"}],"predecessor-version":[{"id":259550,"href":"https:\/\/www.polishscience.pl\/fr\/wp-json\/wp\/v2\/posts\/259540\/revisions\/259550"}],"wp:featuredmedia":[{"embeddable":true,"href":"https:\/\/www.polishscience.pl\/fr\/wp-json\/wp\/v2\/media\/259469"}],"wp:attachment":[{"href":"https:\/\/www.polishscience.pl\/fr\/wp-json\/wp\/v2\/media?parent=259540"}],"wp:term":[{"taxonomy":"category","embeddable":true,"href":"https:\/\/www.polishscience.pl\/fr\/wp-json\/wp\/v2\/categories?post=259540"},{"taxonomy":"post_tag","embeddable":true,"href":"https:\/\/www.polishscience.pl\/fr\/wp-json\/wp\/v2\/tags?post=259540"}],"curies":[{"name":"wp","href":"https:\/\/api.w.org\/{rel}","templated":true}]}}