{"id":258169,"date":"2023-01-02T12:22:04","date_gmt":"2023-01-02T11:22:04","guid":{"rendered":"https:\/\/polishscience.pl\/?p=258169"},"modified":"2023-01-02T12:22:04","modified_gmt":"2023-01-02T11:22:04","slug":"la-nuit-des-biologistes-2023","status":"publish","type":"post","link":"https:\/\/www.polishscience.pl\/fr\/la-nuit-des-biologistes-2023\/","title":{"rendered":"La Nuit des Biologistes 2023"},"content":{"rendered":"<p><b>La 12e \u00e9dition de la Nuit des Biologistes aura lieu le vendredi 13 janvier 2023. L&rsquo;\u00e9v\u00e9nement r\u00e9unira 35 centres scientifiques de toute la Pologne.<\/b><\/p>\n<p>Le titre principal de la XIIe \u00e9dition, qui fait r\u00e9f\u00e9rence \u00e0 l&rsquo;Agence Europ\u00e9enne pour l&rsquo;Environnement, est le suivant : \u00ab\u00a0L&rsquo;eau &#8211; source de vie &#8211; pr\u00e9sent et avenir\u00a0\u00bb. \u00c0 cette occasion, les \u00e9tudiants et le personnel des universit\u00e9s polonaises invitent toutes les personnes int\u00e9ress\u00e9es, notamment les \u00e9l\u00e8ves du secondaire, \u00e0 participer \u00e0 l&rsquo;\u00e9v\u00e9nement.<\/p>\n<p>Une gamme riche et vari\u00e9e d&rsquo;activit\u00e9s p\u00e9dagogiques a \u00e9t\u00e9 pr\u00e9par\u00e9e dans toute la Pologne. Afin de permettre \u00e0 un plus grand nombre de personnes d&rsquo;assister aux conf\u00e9rences, celles-ci seront men\u00e9es de mani\u00e8re hybride, c&rsquo;est-\u00e0-dire en m\u00eame temps stationnaire et sur la plateforme ZOOM.<\/p>\n<p>Des informations d\u00e9taill\u00e9es sur les modalit\u00e9s d&rsquo;inscription aux diff\u00e9rents \u00e9v\u00e9nements et le programme de la 12e \u00e9dition\u00a0 de la Nuit des Biologistes sont disponibles \u00e0 l&rsquo;adresse suivante :<\/p>\n<p><a href=\"http:\/\/www.nocbiologow.pl\/noc\/index.php\">http:\/\/www.nocbiologow.pl\/noc\/index.php<\/a><\/p>\n","protected":false},"excerpt":{"rendered":"<p>La 12e \u00e9dition de la Nuit des Biologistes aura lieu le vendredi 13 janvier 2023. L&rsquo;\u00e9v\u00e9nement r\u00e9unira 35 centres scientifiques de toute la Pologne. Le titre principal de la XIIe \u00e9dition, qui fait r\u00e9f\u00e9rence \u00e0 l&rsquo;Agence Europ\u00e9enne pour l&rsquo;Environnement, est le suivant : \u00ab\u00a0L&rsquo;eau &#8211; source de vie &#8211; pr\u00e9sent et avenir\u00a0\u00bb. \u00c0 cette occasion, [&hellip;]<\/p>\n","protected":false},"author":6,"featured_media":258079,"comment_status":"closed","ping_status":"closed","sticky":false,"template":"","format":"standard","meta":[],"categories":[41],"tags":[],"_links":{"self":[{"href":"https:\/\/www.polishscience.pl\/fr\/wp-json\/wp\/v2\/posts\/258169"}],"collection":[{"href":"https:\/\/www.polishscience.pl\/fr\/wp-json\/wp\/v2\/posts"}],"about":[{"href":"https:\/\/www.polishscience.pl\/fr\/wp-json\/wp\/v2\/types\/post"}],"author":[{"embeddable":true,"href":"https:\/\/www.polishscience.pl\/fr\/wp-json\/wp\/v2\/users\/6"}],"replies":[{"embeddable":true,"href":"https:\/\/www.polishscience.pl\/fr\/wp-json\/wp\/v2\/comments?post=258169"}],"version-history":[{"count":1,"href":"https:\/\/www.polishscience.pl\/fr\/wp-json\/wp\/v2\/posts\/258169\/revisions"}],"predecessor-version":[{"id":258178,"href":"https:\/\/www.polishscience.pl\/fr\/wp-json\/wp\/v2\/posts\/258169\/revisions\/258178"}],"wp:featuredmedia":[{"embeddable":true,"href":"https:\/\/www.polishscience.pl\/fr\/wp-json\/wp\/v2\/media\/258079"}],"wp:attachment":[{"href":"https:\/\/www.polishscience.pl\/fr\/wp-json\/wp\/v2\/media?parent=258169"}],"wp:term":[{"taxonomy":"category","embeddable":true,"href":"https:\/\/www.polishscience.pl\/fr\/wp-json\/wp\/v2\/categories?post=258169"},{"taxonomy":"post_tag","embeddable":true,"href":"https:\/\/www.polishscience.pl\/fr\/wp-json\/wp\/v2\/tags?post=258169"}],"curies":[{"name":"wp","href":"https:\/\/api.w.org\/{rel}","templated":true}]}}