{"id":254887,"date":"2022-12-13T10:17:12","date_gmt":"2022-12-13T09:17:12","guid":{"rendered":"https:\/\/polishscience.pl\/?p=254887"},"modified":"2022-12-13T10:17:12","modified_gmt":"2022-12-13T09:17:12","slug":"la-conference-de-la-diaspora-polonaise-du-reseau-de-recherche-lukasiewicz","status":"publish","type":"post","link":"https:\/\/www.polishscience.pl\/fr\/la-conference-de-la-diaspora-polonaise-du-reseau-de-recherche-lukasiewicz\/","title":{"rendered":"La conf\u00e9rence de la diaspora Polonaise du R\u00e9seau de Recherche \u0141ukasiewicz"},"content":{"rendered":"<p><b>La 2e \u00e9dition de la Conf\u00e9rence avec la diaspora Polonaise aura lieu le jeudi 15 d\u00e9cembre \u00e0 l&rsquo;Institut de l&rsquo;Aviation. L&rsquo;\u00e9v\u00e9nement s&rsquo;adresse aux scientifiques polonais employ\u00e9s dans des institutions de recherche \u00e9trang\u00e8res, associ\u00e9s aux centres de recherche et d\u00e9veloppement d&rsquo;entreprises ou aux start-ups innovantes.<\/b><\/p>\n<p><span style=\"font-weight: 400;\">L&rsquo;\u00e9v\u00e9nement est organis\u00e9 par le R\u00e9seau de Recherche \u0141ukasiewicz &#8211; l&rsquo;un des plus grands r\u00e9seaux de recherche en Europe. Il est compos\u00e9 du Centre \u0141ukasiewicz et de 26 instituts r\u00e9partis dans toute la Pologne, et compte 7 000 employ\u00e9s, dont 4 500 scientifiques.\u00a0<\/span><\/p>\n<p><span style=\"font-weight: 400;\">L&rsquo;objectif de la conf\u00e9rence est de d\u00e9velopper les relations entre les scientifiques polonais et le plus grand R\u00e9seau de Recherche \u0141ukasiewicz de Pologne.\u00a0<\/span><\/p>\n<p><span style=\"font-weight: 400;\">Parmi les orateurs invit\u00e9s figurent des scientifiques polonais de premier plan travaillant dans les plus grandes universit\u00e9s du monde : le professeur Artur Dubrawski (Universit\u00e9 Carnegie Mellon), le professeur Daria Go\u0142\u0119biowska-Tataj (fondatrice de la start-up Tataj Innovation), le professeur Micha\u0142 Kosi\u0144ski (Universit\u00e9 Stanford), le professeur Marta Kwiatkowska (Universit\u00e9 d&rsquo;Oxford) et le professeur Jurek S\u0105siadek (Universit\u00e9 Carleton).\u00a0<\/span><\/p>\n<p>&nbsp;<\/p>\n","protected":false},"excerpt":{"rendered":"<p>La 2e \u00e9dition de la Conf\u00e9rence avec la diaspora Polonaise aura lieu le jeudi 15 d\u00e9cembre \u00e0 l&rsquo;Institut de l&rsquo;Aviation. L&rsquo;\u00e9v\u00e9nement s&rsquo;adresse aux scientifiques polonais employ\u00e9s dans des institutions de recherche \u00e9trang\u00e8res, associ\u00e9s aux centres de recherche et d\u00e9veloppement d&rsquo;entreprises ou aux start-ups innovantes. L&rsquo;\u00e9v\u00e9nement est organis\u00e9 par le R\u00e9seau de Recherche \u0141ukasiewicz &#8211; l&rsquo;un [&hellip;]<\/p>\n","protected":false},"author":6,"featured_media":254771,"comment_status":"closed","ping_status":"closed","sticky":false,"template":"","format":"standard","meta":[],"categories":[41],"tags":[],"_links":{"self":[{"href":"https:\/\/www.polishscience.pl\/fr\/wp-json\/wp\/v2\/posts\/254887"}],"collection":[{"href":"https:\/\/www.polishscience.pl\/fr\/wp-json\/wp\/v2\/posts"}],"about":[{"href":"https:\/\/www.polishscience.pl\/fr\/wp-json\/wp\/v2\/types\/post"}],"author":[{"embeddable":true,"href":"https:\/\/www.polishscience.pl\/fr\/wp-json\/wp\/v2\/users\/6"}],"replies":[{"embeddable":true,"href":"https:\/\/www.polishscience.pl\/fr\/wp-json\/wp\/v2\/comments?post=254887"}],"version-history":[{"count":0,"href":"https:\/\/www.polishscience.pl\/fr\/wp-json\/wp\/v2\/posts\/254887\/revisions"}],"wp:featuredmedia":[{"embeddable":true,"href":"https:\/\/www.polishscience.pl\/fr\/wp-json\/wp\/v2\/media\/254771"}],"wp:attachment":[{"href":"https:\/\/www.polishscience.pl\/fr\/wp-json\/wp\/v2\/media?parent=254887"}],"wp:term":[{"taxonomy":"category","embeddable":true,"href":"https:\/\/www.polishscience.pl\/fr\/wp-json\/wp\/v2\/categories?post=254887"},{"taxonomy":"post_tag","embeddable":true,"href":"https:\/\/www.polishscience.pl\/fr\/wp-json\/wp\/v2\/tags?post=254887"}],"curies":[{"name":"wp","href":"https:\/\/api.w.org\/{rel}","templated":true}]}}