{"id":254674,"date":"2022-12-12T15:02:58","date_gmt":"2022-12-12T14:02:58","guid":{"rendered":"https:\/\/polishscience.pl\/?p=254674"},"modified":"2022-12-12T15:02:58","modified_gmt":"2022-12-12T14:02:58","slug":"la-polytechnique-de-lublin-veut-rejoindre-luniversite-europeenne-de-technologie","status":"publish","type":"post","link":"https:\/\/www.polishscience.pl\/fr\/la-polytechnique-de-lublin-veut-rejoindre-luniversite-europeenne-de-technologie\/","title":{"rendered":"La Polytechnique de Lublin veut rejoindre l&rsquo;Universit\u00e9 Europ\u00e9enne de Technologie"},"content":{"rendered":"<p><b>Lors d&rsquo;une vid\u00e9oconf\u00e9rence avec Timoth\u00e9e Toury, directeur g\u00e9n\u00e9ral de l&rsquo;Universit\u00e9 Europ\u00e9enne de Technologie (EUt+), le recteur de la Polytechnique de Lublin (PL), le professeur Zbigniew Pater, a pr\u00e9sent\u00e9 la candidature de Lublin pour devenir membre de ce consortium.\u00a0<\/b><\/p>\n<p><span style=\"font-weight: 400;\">En pr\u00e9sentant la candidature de la Polytechnique de Lublin, le professeur Zbigniew Pater a soulign\u00e9 les principales r\u00e9alisations de l&rsquo;universit\u00e9 \u00e0 ce jour, notamment les r\u00e9sultats de la derni\u00e8re \u00e9valuation de son activit\u00e9 scientifique, qui prouvent le haut niveau des travaux de recherche men\u00e9s par les employ\u00e9s de l&rsquo;universit\u00e9.<\/span><\/p>\n<p><span style=\"font-weight: 400;\">L&rsquo;Universit\u00e9 Europ\u00e9enne de Technologie est actuellement compos\u00e9e de 8 entit\u00e9s issues de 8 pays de l&rsquo;Union Europ\u00e9enne (Chypre, Espagne, Bulgarie, France, Lettonie, Irlande, Roumanie et Pays-Bas), qui forment ensemble 100 000 \u00e9tudiants.<\/span><\/p>\n<p><span style=\"font-weight: 400;\">L&rsquo;acceptation de l&rsquo;Universit\u00e9 de Technologie en tant que membre d&rsquo;EUt+ permettrait une coop\u00e9ration avec les membres du consortium dans le domaine scientifique et didactique et, \u00e0 l&rsquo;avenir, la d\u00e9livrance d&rsquo;un dipl\u00f4me conjoint.<\/span><\/p>\n<p>&nbsp;<\/p>\n","protected":false},"excerpt":{"rendered":"<p>Lors d&rsquo;une vid\u00e9oconf\u00e9rence avec Timoth\u00e9e Toury, directeur g\u00e9n\u00e9ral de l&rsquo;Universit\u00e9 Europ\u00e9enne de Technologie (EUt+), le recteur de la Polytechnique de Lublin (PL), le professeur Zbigniew Pater, a pr\u00e9sent\u00e9 la candidature de Lublin pour devenir membre de ce consortium.\u00a0 En pr\u00e9sentant la candidature de la Polytechnique de Lublin, le professeur Zbigniew Pater a soulign\u00e9 les principales [&hellip;]<\/p>\n","protected":false},"author":6,"featured_media":254454,"comment_status":"closed","ping_status":"closed","sticky":false,"template":"","format":"standard","meta":[],"categories":[35],"tags":[],"_links":{"self":[{"href":"https:\/\/www.polishscience.pl\/fr\/wp-json\/wp\/v2\/posts\/254674"}],"collection":[{"href":"https:\/\/www.polishscience.pl\/fr\/wp-json\/wp\/v2\/posts"}],"about":[{"href":"https:\/\/www.polishscience.pl\/fr\/wp-json\/wp\/v2\/types\/post"}],"author":[{"embeddable":true,"href":"https:\/\/www.polishscience.pl\/fr\/wp-json\/wp\/v2\/users\/6"}],"replies":[{"embeddable":true,"href":"https:\/\/www.polishscience.pl\/fr\/wp-json\/wp\/v2\/comments?post=254674"}],"version-history":[{"count":0,"href":"https:\/\/www.polishscience.pl\/fr\/wp-json\/wp\/v2\/posts\/254674\/revisions"}],"wp:featuredmedia":[{"embeddable":true,"href":"https:\/\/www.polishscience.pl\/fr\/wp-json\/wp\/v2\/media\/254454"}],"wp:attachment":[{"href":"https:\/\/www.polishscience.pl\/fr\/wp-json\/wp\/v2\/media?parent=254674"}],"wp:term":[{"taxonomy":"category","embeddable":true,"href":"https:\/\/www.polishscience.pl\/fr\/wp-json\/wp\/v2\/categories?post=254674"},{"taxonomy":"post_tag","embeddable":true,"href":"https:\/\/www.polishscience.pl\/fr\/wp-json\/wp\/v2\/tags?post=254674"}],"curies":[{"name":"wp","href":"https:\/\/api.w.org\/{rel}","templated":true}]}}