{"id":252190,"date":"2022-11-29T10:08:41","date_gmt":"2022-11-29T09:08:41","guid":{"rendered":"https:\/\/polishscience.pl\/?p=252190"},"modified":"2022-11-29T10:08:41","modified_gmt":"2022-11-29T09:08:41","slug":"le-lancement-de-la-6e-edition-de-la-legion-academique","status":"publish","type":"post","link":"https:\/\/www.polishscience.pl\/fr\/le-lancement-de-la-6e-edition-de-la-legion-academique\/","title":{"rendered":"Le lancement de la 6e \u00e9dition de la L\u00e9gion Acad\u00e9mique"},"content":{"rendered":"<p><b>Le Minist\u00e8re de la D\u00e9fense a annonc\u00e9 la prochaine \u00e9dition de la VIe \u00e9dition du programme d&rsquo;\u00e9ducation militaire volontaire pour les \u00e9tudiants appel\u00e9 \u00ab\u00a0\u00c9cole de la L\u00e9gion Acad\u00e9mique\u00a0\u00bb.<\/b><\/p>\n<p><span style=\"font-weight: 400;\">Le programme est r\u00e9alis\u00e9 dans les parties th\u00e9oriques et pratiques dans le but de rassembler des ressources form\u00e9es de soldats de r\u00e9serve pour les besoins de compl\u00e9ment de personnel des forces arm\u00e9es de la R\u00e9publique de Pologne dans les corps suivants : soldats, sous-officiers et officiers.<\/span><\/p>\n<p><span style=\"font-weight: 400;\">Le programme est ouvert aux personnes qui sont des \u00e9tudiants ou des dipl\u00f4m\u00e9s d&rsquo;\u00e9tablissements d&rsquo;enseignement sup\u00e9rieur publics et non publics (\u00e9tudes \u00e0 temps plein ou \u00e0 temps partiel du premier et du second degr\u00e9) et qui poss\u00e8dent la citoyennet\u00e9 polonaise.<\/span><\/p>\n<p><span style=\"font-weight: 400;\">L&rsquo;id\u00e9e d&rsquo;une formation volontaire des \u00e9tudiants a \u00e9t\u00e9 r\u00e9instaur\u00e9e en 2017. Depuis lors, plusieurs milliers d&rsquo;\u00e9tudiants participent chaque ann\u00e9e \u00e0 la formation militaire.<\/span><\/p>\n<p><span style=\"font-weight: 400;\">Lire la suite :\u00a0<\/span><\/p>\n<p><a href=\"https:\/\/www.wojsko-polskie.pl\/legia-akademicka\/\"><span style=\"font-weight: 400;\">https:\/\/www.wojsko-polskie.pl\/legia-akademicka\/<\/span><\/a><\/p>\n","protected":false},"excerpt":{"rendered":"<p>Le Minist\u00e8re de la D\u00e9fense a annonc\u00e9 la prochaine \u00e9dition de la VIe \u00e9dition du programme d&rsquo;\u00e9ducation militaire volontaire pour les \u00e9tudiants appel\u00e9 \u00ab\u00a0\u00c9cole de la L\u00e9gion Acad\u00e9mique\u00a0\u00bb. Le programme est r\u00e9alis\u00e9 dans les parties th\u00e9oriques et pratiques dans le but de rassembler des ressources form\u00e9es de soldats de r\u00e9serve pour les besoins de compl\u00e9ment [&hellip;]<\/p>\n","protected":false},"author":6,"featured_media":252116,"comment_status":"closed","ping_status":"closed","sticky":false,"template":"","format":"standard","meta":[],"categories":[41],"tags":[],"_links":{"self":[{"href":"https:\/\/www.polishscience.pl\/fr\/wp-json\/wp\/v2\/posts\/252190"}],"collection":[{"href":"https:\/\/www.polishscience.pl\/fr\/wp-json\/wp\/v2\/posts"}],"about":[{"href":"https:\/\/www.polishscience.pl\/fr\/wp-json\/wp\/v2\/types\/post"}],"author":[{"embeddable":true,"href":"https:\/\/www.polishscience.pl\/fr\/wp-json\/wp\/v2\/users\/6"}],"replies":[{"embeddable":true,"href":"https:\/\/www.polishscience.pl\/fr\/wp-json\/wp\/v2\/comments?post=252190"}],"version-history":[{"count":0,"href":"https:\/\/www.polishscience.pl\/fr\/wp-json\/wp\/v2\/posts\/252190\/revisions"}],"wp:featuredmedia":[{"embeddable":true,"href":"https:\/\/www.polishscience.pl\/fr\/wp-json\/wp\/v2\/media\/252116"}],"wp:attachment":[{"href":"https:\/\/www.polishscience.pl\/fr\/wp-json\/wp\/v2\/media?parent=252190"}],"wp:term":[{"taxonomy":"category","embeddable":true,"href":"https:\/\/www.polishscience.pl\/fr\/wp-json\/wp\/v2\/categories?post=252190"},{"taxonomy":"post_tag","embeddable":true,"href":"https:\/\/www.polishscience.pl\/fr\/wp-json\/wp\/v2\/tags?post=252190"}],"curies":[{"name":"wp","href":"https:\/\/api.w.org\/{rel}","templated":true}]}}