{"id":245541,"date":"2022-10-19T10:50:45","date_gmt":"2022-10-19T08:50:45","guid":{"rendered":"https:\/\/polishscience.pl\/?p=245541"},"modified":"2022-10-19T10:50:45","modified_gmt":"2022-10-19T08:50:45","slug":"les-etudes-bibliques-et-les-sciences-de-la-famille-les-nouveaux-domaines-et-les-disciplines-universitaires","status":"publish","type":"post","link":"https:\/\/www.polishscience.pl\/fr\/les-etudes-bibliques-et-les-sciences-de-la-famille-les-nouveaux-domaines-et-les-disciplines-universitaires\/","title":{"rendered":"Les \u00e9tudes bibliques et les sciences de la famille \u2013 les nouveaux domaines et les disciplines universitaires"},"content":{"rendered":"<p><b>J&rsquo;ai sign\u00e9 un d\u00e9cret \u00e9tablissant de nouveaux domaines et disciplines, notamment les \u00e9tudes bibliques et les sciences de la famille, a annonc\u00e9 le Ministre de l&rsquo;\u00c9ducation et des Sciences Przemys\u0142aw Czarnek lors de l&rsquo;inauguration de la nouvelle ann\u00e9e universitaire 2022\/2023 \u00e0 l&rsquo;Universit\u00e9 Catholique de Lublin.<\/b><\/p>\n<p><span style=\"font-weight: 400;\">Le ministre a estim\u00e9 que les \u00e9tudes bibliques et les sciences de la famille \u00ab\u00a0sont particuli\u00e8rement n\u00e9cessaires en Pologne\u00a0\u00bb.<\/span><\/p>\n<p><span style=\"font-weight: 400;\">Nous voulons renforcer les \u00e9tudes bibliques polonaises afin qu&rsquo;un centre de l&rsquo;envergure de celui de J\u00e9rusalem, de la Suisse ou des \u00c9tats-Unis puisse \u00eatre \u00e9tabli en Pologne. Nous avons un tel potentiel et ce potentiel se trouve ici, \u00e0 l&rsquo;Universit\u00e9 Catholique de Lublin. Il existe \u00e9galement un grand potentiel de d\u00e9veloppement dans le domaine des sciences de la famille\u00a0\u00bb, a ajout\u00e9 le ministre Czarnek.<\/span><\/p>\n<p><span style=\"font-weight: 400;\">Le ministre a affirm\u00e9 qu&rsquo;il \u00e9tait n\u00e9cessaire de retrouver la v\u00e9rit\u00e9 sur la famille et de la montrer \u00e0 la soci\u00e9t\u00e9, car sans cela, \u00ab\u00a0tous nos efforts, tout le d\u00e9veloppement de l&rsquo;Universit\u00e9 Catholique de Lublin ne serviront \u00e0 rien\u00a0\u00bb. Sans la famille, nous ne serons plus l\u00e0 dans 50 ans\u00a0\u00bb, a-t-il soulign\u00e9.<\/span><\/p>\n","protected":false},"excerpt":{"rendered":"<p>J&rsquo;ai sign\u00e9 un d\u00e9cret \u00e9tablissant de nouveaux domaines et disciplines, notamment les \u00e9tudes bibliques et les sciences de la famille, a annonc\u00e9 le Ministre de l&rsquo;\u00c9ducation et des Sciences Przemys\u0142aw Czarnek lors de l&rsquo;inauguration de la nouvelle ann\u00e9e universitaire 2022\/2023 \u00e0 l&rsquo;Universit\u00e9 Catholique de Lublin. Le ministre a estim\u00e9 que les \u00e9tudes bibliques et les [&hellip;]<\/p>\n","protected":false},"author":6,"featured_media":245449,"comment_status":"closed","ping_status":"closed","sticky":false,"template":"","format":"standard","meta":[],"categories":[35],"tags":[],"_links":{"self":[{"href":"https:\/\/www.polishscience.pl\/fr\/wp-json\/wp\/v2\/posts\/245541"}],"collection":[{"href":"https:\/\/www.polishscience.pl\/fr\/wp-json\/wp\/v2\/posts"}],"about":[{"href":"https:\/\/www.polishscience.pl\/fr\/wp-json\/wp\/v2\/types\/post"}],"author":[{"embeddable":true,"href":"https:\/\/www.polishscience.pl\/fr\/wp-json\/wp\/v2\/users\/6"}],"replies":[{"embeddable":true,"href":"https:\/\/www.polishscience.pl\/fr\/wp-json\/wp\/v2\/comments?post=245541"}],"version-history":[{"count":0,"href":"https:\/\/www.polishscience.pl\/fr\/wp-json\/wp\/v2\/posts\/245541\/revisions"}],"wp:featuredmedia":[{"embeddable":true,"href":"https:\/\/www.polishscience.pl\/fr\/wp-json\/wp\/v2\/media\/245449"}],"wp:attachment":[{"href":"https:\/\/www.polishscience.pl\/fr\/wp-json\/wp\/v2\/media?parent=245541"}],"wp:term":[{"taxonomy":"category","embeddable":true,"href":"https:\/\/www.polishscience.pl\/fr\/wp-json\/wp\/v2\/categories?post=245541"},{"taxonomy":"post_tag","embeddable":true,"href":"https:\/\/www.polishscience.pl\/fr\/wp-json\/wp\/v2\/tags?post=245541"}],"curies":[{"name":"wp","href":"https:\/\/api.w.org\/{rel}","templated":true}]}}