{"id":243264,"date":"2022-10-07T09:22:06","date_gmt":"2022-10-07T07:22:06","guid":{"rendered":"https:\/\/polishscience.pl\/?p=243264"},"modified":"2022-10-07T09:22:17","modified_gmt":"2022-10-07T07:22:17","slug":"linauguration-de-la-faculte-de-medecine-de-luniversite-catholique-de-lublin","status":"publish","type":"post","link":"https:\/\/www.polishscience.pl\/fr\/linauguration-de-la-faculte-de-medecine-de-luniversite-catholique-de-lublin\/","title":{"rendered":"L\u2019inauguration de la Facult\u00e9 de M\u00e9decine de l&rsquo;Universit\u00e9 Catholique de Lublin"},"content":{"rendered":"<p><b>Nous voulons voir l&rsquo;\u00eatre humain dans sa totalit\u00e9 &#8211; ses aspects somatiques, mentaux et spirituels\u00a0\u00bb, a d\u00e9clar\u00e9 le recteur de l&rsquo;Universit\u00e9 Catholique de Lublin (KUL), le professeur Miros\u0142aw Kalinowski, lors de l&rsquo;inauguration officielle de la Facult\u00e9 de M\u00e9decine.<\/b><\/p>\n<p><span style=\"font-weight: 400;\">La nouvelle facult\u00e9 propose d\u00e9j\u00e0 des formations de sage-femme, d&rsquo;infirmi\u00e8re, de biotechnologie et de di\u00e9t\u00e9tique, et \u00e0 partir d&rsquo;octobre 2023, une facult\u00e9 de m\u00e9decine verra \u00e9galement le jour.\u00a0<\/span><\/p>\n<p><span style=\"font-weight: 400;\">Le soutien \u00e0 la nouvelle facult\u00e9 a \u00e9t\u00e9 promis par le Ministre de la Sant\u00e9 Adam Niedzielski, qui a not\u00e9 que l&rsquo;augmentation du nombre d&rsquo;\u00e9tudiants en m\u00e9decine se traduira par un meilleur acc\u00e8s des patients \u00e0 un m\u00e9decin \u00e0 l&rsquo;avenir.<\/span><\/p>\n<p><span style=\"font-weight: 400;\">Le ministre Niedzielski a annonc\u00e9 que le Minist\u00e8re de la Sant\u00e9 apportera son soutien \u00e0 la Facult\u00e9 de M\u00e9decine de l&rsquo;Universit\u00e9 Catholique de Lublin pour un montant de 40 millions de PLN sous forme d&rsquo;obligations.<\/span><\/p>\n","protected":false},"excerpt":{"rendered":"<p>Nous voulons voir l&rsquo;\u00eatre humain dans sa totalit\u00e9 &#8211; ses aspects somatiques, mentaux et spirituels\u00a0\u00bb, a d\u00e9clar\u00e9 le recteur de l&rsquo;Universit\u00e9 Catholique de Lublin (KUL), le professeur Miros\u0142aw Kalinowski, lors de l&rsquo;inauguration officielle de la Facult\u00e9 de M\u00e9decine. La nouvelle facult\u00e9 propose d\u00e9j\u00e0 des formations de sage-femme, d&rsquo;infirmi\u00e8re, de biotechnologie et de di\u00e9t\u00e9tique, et \u00e0 [&hellip;]<\/p>\n","protected":false},"author":6,"featured_media":243207,"comment_status":"closed","ping_status":"closed","sticky":false,"template":"","format":"standard","meta":[],"categories":[35,51],"tags":[],"_links":{"self":[{"href":"https:\/\/www.polishscience.pl\/fr\/wp-json\/wp\/v2\/posts\/243264"}],"collection":[{"href":"https:\/\/www.polishscience.pl\/fr\/wp-json\/wp\/v2\/posts"}],"about":[{"href":"https:\/\/www.polishscience.pl\/fr\/wp-json\/wp\/v2\/types\/post"}],"author":[{"embeddable":true,"href":"https:\/\/www.polishscience.pl\/fr\/wp-json\/wp\/v2\/users\/6"}],"replies":[{"embeddable":true,"href":"https:\/\/www.polishscience.pl\/fr\/wp-json\/wp\/v2\/comments?post=243264"}],"version-history":[{"count":0,"href":"https:\/\/www.polishscience.pl\/fr\/wp-json\/wp\/v2\/posts\/243264\/revisions"}],"wp:featuredmedia":[{"embeddable":true,"href":"https:\/\/www.polishscience.pl\/fr\/wp-json\/wp\/v2\/media\/243207"}],"wp:attachment":[{"href":"https:\/\/www.polishscience.pl\/fr\/wp-json\/wp\/v2\/media?parent=243264"}],"wp:term":[{"taxonomy":"category","embeddable":true,"href":"https:\/\/www.polishscience.pl\/fr\/wp-json\/wp\/v2\/categories?post=243264"},{"taxonomy":"post_tag","embeddable":true,"href":"https:\/\/www.polishscience.pl\/fr\/wp-json\/wp\/v2\/tags?post=243264"}],"curies":[{"name":"wp","href":"https:\/\/api.w.org\/{rel}","templated":true}]}}