{"id":243033,"date":"2022-10-06T10:47:12","date_gmt":"2022-10-06T08:47:12","guid":{"rendered":"https:\/\/polishscience.pl\/?p=243033"},"modified":"2022-10-06T10:47:12","modified_gmt":"2022-10-06T08:47:12","slug":"la-polytechnique-de-wroclaw-se-dote-dune-faculte-de-medecine","status":"publish","type":"post","link":"https:\/\/www.polishscience.pl\/fr\/la-polytechnique-de-wroclaw-se-dote-dune-faculte-de-medecine\/","title":{"rendered":"La Polytechnique de Wroc\u0142aw se dote d&rsquo;une facult\u00e9 de m\u00e9decine"},"content":{"rendered":"<p><b>Une facult\u00e9 de m\u00e9decine sera cr\u00e9\u00e9e \u00e0 la Polytechnique de Wroc\u0142aw. \u00c0 partir de la prochaine ann\u00e9e acad\u00e9mique, 60 \u00e9tudiants vont commencer \u00e0 \u00e9tudier en premi\u00e8re ann\u00e9e d&rsquo;\u00e9tudes de m\u00e9decine. Les \u00e9tudes seront men\u00e9es en coop\u00e9ration avec les h\u00f4pitaux de Wroc\u0142aw, a rapport\u00e9 la Polytechnique.<\/b><\/p>\n<p><span style=\"font-weight: 400;\">La cr\u00e9ation de la nouvelle facult\u00e9 a \u00e9t\u00e9 annonc\u00e9e par le recteur de la Polytechnique, le professeur Arkadiusz W\u00f3js. Il s&rsquo;agit de r\u00e9pondre \u00e0 la p\u00e9nurie de personnel m\u00e9dical \u00e0 laquelle sont confront\u00e9s presque tous les h\u00f4pitaux de Pologne, mais aussi de d\u00e9velopper la recherche dans le domaine des sciences de la sant\u00e9 et de la vie. Une \u00e9quipe d&rsquo;experts travaille depuis quelques mois sur le projet d&rsquo;\u00e9tablissement de la facult\u00e9. L&rsquo;approbation de la facult\u00e9 doit \u00eatre accord\u00e9e par le Ministre de l&rsquo;\u00c9ducation et des Sciences.<\/span><\/p>\n<p><span style=\"font-weight: 400;\">L&rsquo;enseignement \u00e0 la facult\u00e9 de m\u00e9decine sera dispens\u00e9 en coop\u00e9ration avec les h\u00f4pitaux de Wroc\u0142aw, avec lesquels les accords correspondants seront bient\u00f4t sign\u00e9s. Le personnel acad\u00e9mique sera en grande partie compos\u00e9 de m\u00e9decins avec des dipl\u00f4mes et des titres. En octobre 2023, 60 \u00e9tudiants devraient commencer \u00e0 \u00e9tudier dans la nouvelle facult\u00e9.<\/span><\/p>\n<p><span style=\"font-weight: 400;\">En savoir plus : <\/span><a href=\"https:\/\/pwr.edu.pl\/uczelnia\/aktualnosci\/bedziemy-miec-wydzial-medyczny-12627.html\"><span style=\"font-weight: 400;\">https:\/\/pwr.edu.pl\/uczelnia\/aktualnosci\/bedziemy-miec-wydzial-medyczny-12627.html<\/span><\/a><\/p>\n","protected":false},"excerpt":{"rendered":"<p>Une facult\u00e9 de m\u00e9decine sera cr\u00e9\u00e9e \u00e0 la Polytechnique de Wroc\u0142aw. \u00c0 partir de la prochaine ann\u00e9e acad\u00e9mique, 60 \u00e9tudiants vont commencer \u00e0 \u00e9tudier en premi\u00e8re ann\u00e9e d&rsquo;\u00e9tudes de m\u00e9decine. Les \u00e9tudes seront men\u00e9es en coop\u00e9ration avec les h\u00f4pitaux de Wroc\u0142aw, a rapport\u00e9 la Polytechnique. La cr\u00e9ation de la nouvelle facult\u00e9 a \u00e9t\u00e9 annonc\u00e9e par [&hellip;]<\/p>\n","protected":false},"author":6,"featured_media":242989,"comment_status":"closed","ping_status":"closed","sticky":false,"template":"","format":"standard","meta":[],"categories":[35],"tags":[],"_links":{"self":[{"href":"https:\/\/www.polishscience.pl\/fr\/wp-json\/wp\/v2\/posts\/243033"}],"collection":[{"href":"https:\/\/www.polishscience.pl\/fr\/wp-json\/wp\/v2\/posts"}],"about":[{"href":"https:\/\/www.polishscience.pl\/fr\/wp-json\/wp\/v2\/types\/post"}],"author":[{"embeddable":true,"href":"https:\/\/www.polishscience.pl\/fr\/wp-json\/wp\/v2\/users\/6"}],"replies":[{"embeddable":true,"href":"https:\/\/www.polishscience.pl\/fr\/wp-json\/wp\/v2\/comments?post=243033"}],"version-history":[{"count":0,"href":"https:\/\/www.polishscience.pl\/fr\/wp-json\/wp\/v2\/posts\/243033\/revisions"}],"wp:featuredmedia":[{"embeddable":true,"href":"https:\/\/www.polishscience.pl\/fr\/wp-json\/wp\/v2\/media\/242989"}],"wp:attachment":[{"href":"https:\/\/www.polishscience.pl\/fr\/wp-json\/wp\/v2\/media?parent=243033"}],"wp:term":[{"taxonomy":"category","embeddable":true,"href":"https:\/\/www.polishscience.pl\/fr\/wp-json\/wp\/v2\/categories?post=243033"},{"taxonomy":"post_tag","embeddable":true,"href":"https:\/\/www.polishscience.pl\/fr\/wp-json\/wp\/v2\/tags?post=243033"}],"curies":[{"name":"wp","href":"https:\/\/api.w.org\/{rel}","templated":true}]}}