{"id":242770,"date":"2022-10-05T11:52:35","date_gmt":"2022-10-05T09:52:35","guid":{"rendered":"https:\/\/polishscience.pl\/?p=242770"},"modified":"2022-10-05T11:52:35","modified_gmt":"2022-10-05T09:52:35","slug":"la-faculte-de-droit-et-dadministration-de-luniversite-dopole-uo-cooperera-avec-le-parquet-national","status":"publish","type":"post","link":"https:\/\/www.polishscience.pl\/fr\/la-faculte-de-droit-et-dadministration-de-luniversite-dopole-uo-cooperera-avec-le-parquet-national\/","title":{"rendered":"La Facult\u00e9 de Droit et d&rsquo;Administration de l&rsquo;Universit\u00e9 d&rsquo;Opole (UO) coop\u00e9rera avec le Parquet National"},"content":{"rendered":"<p><b>La Facult\u00e9 de Droit et d&rsquo;Administration de l&rsquo;Universit\u00e9 d&rsquo;Opole (UO) coop\u00e9rera avec le bureau du procureur national. L&rsquo;accord de coop\u00e9ration a \u00e9t\u00e9 sign\u00e9 par le premier procureur g\u00e9n\u00e9ral adjoint, le procureur national Dariusz Barski et le doyen de la facult\u00e9, le professeur\u00a0 Pawe\u0142 Sobczyk, a rapport\u00e9 l&rsquo;universit\u00e9.<\/b><\/p>\n<p><span style=\"font-weight: 400;\">La coop\u00e9ration entre les parties comprendra notamment des recherches conjointes sur les questions de criminalit\u00e9, la lutte contre la criminalit\u00e9 et sa pr\u00e9vention, et le contr\u00f4le de la criminalit\u00e9, ainsi que des cours \u00e0 la Facult\u00e9 de Droit et d&rsquo;Administration sur le fonctionnement et le r\u00f4le du minist\u00e8re public dans la poursuite de la criminalit\u00e9 et le respect de l&rsquo;\u00c9tat de droit.<\/span><\/p>\n<p><span style=\"font-weight: 400;\">L&rsquo;accord r\u00e9glemente \u00e9galement la participation de repr\u00e9sentants du minist\u00e8re public aux cours destin\u00e9s aux \u00e9tudiants, l&rsquo;organisation de r\u00e9unions entre les repr\u00e9sentants du minist\u00e8re public et les \u00e9tudiants afin de les familiariser avec les t\u00e2ches et le fonctionnement du minist\u00e8re public, ainsi que l&rsquo;organisation de s\u00e9minaires et de conf\u00e9rences universitaires communs sur les questions de criminalit\u00e9.<\/span><\/p>\n<p><span style=\"font-weight: 400;\">En savoir plus : <\/span><a href=\"https:\/\/uni.opole.pl\/page\/5273\/porozumienie-o-wspolpracy-wydzialu-prawa-i-administracji-uo-z-prokuratura-krajowa\"><span style=\"font-weight: 400;\">https:\/\/uni.opole.pl\/page\/5273\/porozumienie-o-wspolpracy-wydzialu-prawa-i-administracji-uo-z-prokuratura-krajowa<\/span><\/a><\/p>\n","protected":false},"excerpt":{"rendered":"<p>La Facult\u00e9 de Droit et d&rsquo;Administration de l&rsquo;Universit\u00e9 d&rsquo;Opole (UO) coop\u00e9rera avec le bureau du procureur national. L&rsquo;accord de coop\u00e9ration a \u00e9t\u00e9 sign\u00e9 par le premier procureur g\u00e9n\u00e9ral adjoint, le procureur national Dariusz Barski et le doyen de la facult\u00e9, le professeur\u00a0 Pawe\u0142 Sobczyk, a rapport\u00e9 l&rsquo;universit\u00e9. La coop\u00e9ration entre les parties comprendra notamment des [&hellip;]<\/p>\n","protected":false},"author":6,"featured_media":242718,"comment_status":"closed","ping_status":"closed","sticky":false,"template":"","format":"standard","meta":[],"categories":[35],"tags":[],"_links":{"self":[{"href":"https:\/\/www.polishscience.pl\/fr\/wp-json\/wp\/v2\/posts\/242770"}],"collection":[{"href":"https:\/\/www.polishscience.pl\/fr\/wp-json\/wp\/v2\/posts"}],"about":[{"href":"https:\/\/www.polishscience.pl\/fr\/wp-json\/wp\/v2\/types\/post"}],"author":[{"embeddable":true,"href":"https:\/\/www.polishscience.pl\/fr\/wp-json\/wp\/v2\/users\/6"}],"replies":[{"embeddable":true,"href":"https:\/\/www.polishscience.pl\/fr\/wp-json\/wp\/v2\/comments?post=242770"}],"version-history":[{"count":0,"href":"https:\/\/www.polishscience.pl\/fr\/wp-json\/wp\/v2\/posts\/242770\/revisions"}],"wp:featuredmedia":[{"embeddable":true,"href":"https:\/\/www.polishscience.pl\/fr\/wp-json\/wp\/v2\/media\/242718"}],"wp:attachment":[{"href":"https:\/\/www.polishscience.pl\/fr\/wp-json\/wp\/v2\/media?parent=242770"}],"wp:term":[{"taxonomy":"category","embeddable":true,"href":"https:\/\/www.polishscience.pl\/fr\/wp-json\/wp\/v2\/categories?post=242770"},{"taxonomy":"post_tag","embeddable":true,"href":"https:\/\/www.polishscience.pl\/fr\/wp-json\/wp\/v2\/tags?post=242770"}],"curies":[{"name":"wp","href":"https:\/\/api.w.org\/{rel}","templated":true}]}}