{"id":241508,"date":"2022-09-28T13:14:18","date_gmt":"2022-09-28T11:14:18","guid":{"rendered":"https:\/\/polishscience.pl\/?p=241508"},"modified":"2022-09-28T13:14:18","modified_gmt":"2022-09-28T11:14:18","slug":"louverture-prochaine-du-centre-pour-les-relations-entre-catholiques-et-juifs-de-luniversite-catholique-de-lublin","status":"publish","type":"post","link":"https:\/\/www.polishscience.pl\/fr\/louverture-prochaine-du-centre-pour-les-relations-entre-catholiques-et-juifs-de-luniversite-catholique-de-lublin\/","title":{"rendered":"L&rsquo;ouverture prochaine du Centre pour les relations entre catholiques et juifs de l&rsquo;Universit\u00e9 Catholique de Lublin"},"content":{"rendered":"<p><b>La recherche acad\u00e9mique, les publications, les symposiums internationaux, les conf\u00e9rences, les d\u00e9bats, ainsi que les manifestations culturelles et l\u2019\u00e9tablissement de relations entre les \u00e9tudiants de Pologne et d&rsquo;Isra\u00ebl &#8211; telles sont les principales t\u00e2ches du Centre Abraham J. Heschel pour les relations entre catholiques et juifs de l&rsquo;Universit\u00e9 Catholique de Lublin (KUL), qui sera inaugur\u00e9 le 17 octobre 2022.\u00a0<\/b><\/p>\n<p><span style=\"font-weight: 400;\">Selon le recteur de l&rsquo;Universit\u00e9 Catholique Jean-Paul II de Lublin (KUL), le professeur Miros\u0142aw Kalinowski, les travaux de cr\u00e9ation du centre se poursuivent depuis plusieurs mois ; il s&rsquo;agira d&rsquo;une unit\u00e9 fonctionnant au sein de la structure de l&rsquo;universit\u00e9.\u00a0<\/span><\/p>\n<p><span style=\"font-weight: 400;\">En plus des activit\u00e9s scientifiques et des recherches sur l&rsquo;histoire, la culture, le patrimoine commun et le dialogue interreligieux, nous pr\u00e9voyons de pr\u00e9parer des projets socioculturels. Une question strat\u00e9gique est l&rsquo;implication des jeunes de Pologne et d&rsquo;Isra\u00ebl, les visites mutuelles et les \u00e9v\u00e9nements avec leur participation. Nous souhaitons que cette activit\u00e9 soit largement pr\u00e9sente dans l&rsquo;espace Internet\u00a0\u00bb, a d\u00e9clar\u00e9 le r\u00e9v\u00e9rend professeur Kalinowski.<\/span><\/p>\n","protected":false},"excerpt":{"rendered":"<p>La recherche acad\u00e9mique, les publications, les symposiums internationaux, les conf\u00e9rences, les d\u00e9bats, ainsi que les manifestations culturelles et l\u2019\u00e9tablissement de relations entre les \u00e9tudiants de Pologne et d&rsquo;Isra\u00ebl &#8211; telles sont les principales t\u00e2ches du Centre Abraham J. Heschel pour les relations entre catholiques et juifs de l&rsquo;Universit\u00e9 Catholique de Lublin (KUL), qui sera inaugur\u00e9 [&hellip;]<\/p>\n","protected":false},"author":6,"featured_media":241434,"comment_status":"closed","ping_status":"closed","sticky":false,"template":"","format":"standard","meta":[],"categories":[35],"tags":[],"_links":{"self":[{"href":"https:\/\/www.polishscience.pl\/fr\/wp-json\/wp\/v2\/posts\/241508"}],"collection":[{"href":"https:\/\/www.polishscience.pl\/fr\/wp-json\/wp\/v2\/posts"}],"about":[{"href":"https:\/\/www.polishscience.pl\/fr\/wp-json\/wp\/v2\/types\/post"}],"author":[{"embeddable":true,"href":"https:\/\/www.polishscience.pl\/fr\/wp-json\/wp\/v2\/users\/6"}],"replies":[{"embeddable":true,"href":"https:\/\/www.polishscience.pl\/fr\/wp-json\/wp\/v2\/comments?post=241508"}],"version-history":[{"count":0,"href":"https:\/\/www.polishscience.pl\/fr\/wp-json\/wp\/v2\/posts\/241508\/revisions"}],"wp:featuredmedia":[{"embeddable":true,"href":"https:\/\/www.polishscience.pl\/fr\/wp-json\/wp\/v2\/media\/241434"}],"wp:attachment":[{"href":"https:\/\/www.polishscience.pl\/fr\/wp-json\/wp\/v2\/media?parent=241508"}],"wp:term":[{"taxonomy":"category","embeddable":true,"href":"https:\/\/www.polishscience.pl\/fr\/wp-json\/wp\/v2\/categories?post=241508"},{"taxonomy":"post_tag","embeddable":true,"href":"https:\/\/www.polishscience.pl\/fr\/wp-json\/wp\/v2\/tags?post=241508"}],"curies":[{"name":"wp","href":"https:\/\/api.w.org\/{rel}","templated":true}]}}