{"id":239725,"date":"2022-09-16T11:04:47","date_gmt":"2022-09-16T09:04:47","guid":{"rendered":"https:\/\/polishscience.pl\/?p=239725"},"modified":"2022-09-16T11:04:47","modified_gmt":"2022-09-16T09:04:47","slug":"les-etudes-interdisciplinaires-postuniversitaires-archiculture-educateur-en-architecture-2","status":"publish","type":"post","link":"https:\/\/www.polishscience.pl\/fr\/les-etudes-interdisciplinaires-postuniversitaires-archiculture-educateur-en-architecture-2\/","title":{"rendered":"Les \u00e9tudes interdisciplinaires postuniversitaires \u00ab\u00a0Archi:culture &#8211; \u00e9ducateur en architecture\u00a0\u00bb."},"content":{"rendered":"<p><b>Le recrutement pour les \u00e9tudes postuniversitaires \u00ab\u00a0Archi:culture &#8211; \u00e9ducateur en architecture\u00a0\u00bb est ouvert jusqu&rsquo;au 25 septembre 2022. Il s&rsquo;agit d&rsquo;un projet innovant r\u00e9alis\u00e9 conjointement par la Polytechnique de Cracovie (PK), l&rsquo;Institut National d&rsquo;Architecture et d&rsquo;Urbanisme, l&rsquo;Universit\u00e9 P\u00e9dagogique de Cracovie et la Polytechnique de Gdansk.\u00a0<\/b><\/p>\n<p><span style=\"font-weight: 400;\">Les \u00e9tudes, dont la premi\u00e8re \u00e9dition a \u00e9t\u00e9 lanc\u00e9e l&rsquo;ann\u00e9e derni\u00e8re, visent \u00e0 former un cadre d&rsquo;\u00e9ducateurs, de m\u00e9diateurs et d&rsquo;enseignants qui seront pr\u00e9par\u00e9s \u00e0 vulgariser les connaissances sur l&rsquo;environnement b\u00e2ti dans le contexte d&rsquo;un effort g\u00e9n\u00e9ral pour am\u00e9liorer la culture de la construction et la qualit\u00e9 de l&rsquo;espace qui nous entoure, rapporte la PK.<\/span><\/p>\n<p><span style=\"font-weight: 400;\">Le concept des \u00e9tudes est bas\u00e9 sur l&rsquo;hypoth\u00e8se d&rsquo;un dialogue interdisciplinaire entre les facult\u00e9s de p\u00e9dagogie et de design-architecture au profit d&rsquo;une \u00e9ducation architecturale dite universelle.\u00a0<\/span><\/p>\n<p><span style=\"font-weight: 400;\">Lire la suite :\u00a0<\/span><\/p>\n<p><a href=\"https:\/\/niaiu.pl\/dzialalnosc\/archikultura\/\"><span style=\"font-weight: 400;\">https:\/\/niaiu.pl\/dzialalnosc\/archikultura\/<\/span><\/a><\/p>\n","protected":false},"excerpt":{"rendered":"<p>Le recrutement pour les \u00e9tudes postuniversitaires \u00ab\u00a0Archi:culture &#8211; \u00e9ducateur en architecture\u00a0\u00bb est ouvert jusqu&rsquo;au 25 septembre 2022. Il s&rsquo;agit d&rsquo;un projet innovant r\u00e9alis\u00e9 conjointement par la Polytechnique de Cracovie (PK), l&rsquo;Institut National d&rsquo;Architecture et d&rsquo;Urbanisme, l&rsquo;Universit\u00e9 P\u00e9dagogique de Cracovie et la Polytechnique de Gdansk.\u00a0 Les \u00e9tudes, dont la premi\u00e8re \u00e9dition a \u00e9t\u00e9 lanc\u00e9e l&rsquo;ann\u00e9e derni\u00e8re, [&hellip;]<\/p>\n","protected":false},"author":6,"featured_media":239640,"comment_status":"closed","ping_status":"closed","sticky":false,"template":"","format":"standard","meta":[],"categories":[35],"tags":[],"_links":{"self":[{"href":"https:\/\/www.polishscience.pl\/fr\/wp-json\/wp\/v2\/posts\/239725"}],"collection":[{"href":"https:\/\/www.polishscience.pl\/fr\/wp-json\/wp\/v2\/posts"}],"about":[{"href":"https:\/\/www.polishscience.pl\/fr\/wp-json\/wp\/v2\/types\/post"}],"author":[{"embeddable":true,"href":"https:\/\/www.polishscience.pl\/fr\/wp-json\/wp\/v2\/users\/6"}],"replies":[{"embeddable":true,"href":"https:\/\/www.polishscience.pl\/fr\/wp-json\/wp\/v2\/comments?post=239725"}],"version-history":[{"count":0,"href":"https:\/\/www.polishscience.pl\/fr\/wp-json\/wp\/v2\/posts\/239725\/revisions"}],"wp:featuredmedia":[{"embeddable":true,"href":"https:\/\/www.polishscience.pl\/fr\/wp-json\/wp\/v2\/media\/239640"}],"wp:attachment":[{"href":"https:\/\/www.polishscience.pl\/fr\/wp-json\/wp\/v2\/media?parent=239725"}],"wp:term":[{"taxonomy":"category","embeddable":true,"href":"https:\/\/www.polishscience.pl\/fr\/wp-json\/wp\/v2\/categories?post=239725"},{"taxonomy":"post_tag","embeddable":true,"href":"https:\/\/www.polishscience.pl\/fr\/wp-json\/wp\/v2\/tags?post=239725"}],"curies":[{"name":"wp","href":"https:\/\/api.w.org\/{rel}","templated":true}]}}