{"id":237337,"date":"2022-09-05T10:20:12","date_gmt":"2022-09-05T08:20:12","guid":{"rendered":"https:\/\/polishscience.pl\/?p=237337"},"modified":"2022-09-05T10:20:12","modified_gmt":"2022-09-05T08:20:12","slug":"une-classe-polytechnique-sous-le-haut-patronage-de-la-polytechnique-de-bialystok-a-ete-creee-au-iiie-lycee-de-bialystok","status":"publish","type":"post","link":"https:\/\/www.polishscience.pl\/fr\/une-classe-polytechnique-sous-le-haut-patronage-de-la-polytechnique-de-bialystok-a-ete-creee-au-iiie-lycee-de-bialystok\/","title":{"rendered":"Une classe polytechnique sous le haut patronage de la Polytechnique de Bia\u0142ystok a \u00e9t\u00e9 cr\u00e9\u00e9e au IIIe lyc\u00e9e de Bia\u0142ystok"},"content":{"rendered":"<p><b>La Polytechnique de Bia\u0142ystok (PB) a sign\u00e9 un accord de m\u00e9c\u00e9nat avec le Lyc\u00e9e Krzysztof Kamil Baczy\u0144ski n\u00b0 3 de Bia\u0142ystok. En cons\u00e9quence, \u00e0 partir du 1er septembre, les lyc\u00e9ens de l&rsquo;\u00e9cole secondaire de Bia\u0142ystok ont commenc\u00e9 leur \u00e9ducation dans une classe au profil polytechnique.\u00a0<\/b><\/p>\n<p><span style=\"font-weight: 400;\">Je suis convaincu que cette coop\u00e9ration apportera de grands avantages tant \u00e0 l&rsquo;\u00e9cole polytechnique de Bia\u0142ystok qu&rsquo;au lyc\u00e9e. Je suis tr\u00e8s heureuse de cette initiative et je pense qu&rsquo;un tel cadre permettra aux jeunes de d\u00e9velopper leurs passions techniques et de d\u00e9couvrir leurs talents\u00a0\u00bb, a d\u00e9clar\u00e9 le docteur-ing\u00e9nieure d\u2019\u00c9tat Marta Kosior-Kazberuk, professeur de PB, rectrice de la Polytechnique de Bia\u0142ystok, lors d&rsquo;une conf\u00e9rence de presse.<\/span><\/p>\n<p><span style=\"font-weight: 400;\">Les lyc\u00e9ens de l&rsquo;une des premi\u00e8res classes du lyc\u00e9e participeront aux cours dispens\u00e9s par des \u00e9tudiants de l&rsquo;\u00e9cole polytechnique, suivront des cours s\u00e9lectionn\u00e9s de physique, de math\u00e9matiques ou d&rsquo;informatique, ainsi que des conf\u00e9rences de vulgarisation scientifique. En outre, les \u00e9tudiants b\u00e9n\u00e9ficieront de conf\u00e9rences organis\u00e9es dans les locaux de l&rsquo;\u00e9cole et donn\u00e9es par des professeurs de l&rsquo;\u00e9cole polytechnique.<\/span><\/p>\n<p>&nbsp;<\/p>\n","protected":false},"excerpt":{"rendered":"<p>La Polytechnique de Bia\u0142ystok (PB) a sign\u00e9 un accord de m\u00e9c\u00e9nat avec le Lyc\u00e9e Krzysztof Kamil Baczy\u0144ski n\u00b0 3 de Bia\u0142ystok. En cons\u00e9quence, \u00e0 partir du 1er septembre, les lyc\u00e9ens de l&rsquo;\u00e9cole secondaire de Bia\u0142ystok ont commenc\u00e9 leur \u00e9ducation dans une classe au profil polytechnique.\u00a0 Je suis convaincu que cette coop\u00e9ration apportera de grands avantages [&hellip;]<\/p>\n","protected":false},"author":6,"featured_media":237246,"comment_status":"closed","ping_status":"closed","sticky":false,"template":"","format":"standard","meta":[],"categories":[35],"tags":[],"_links":{"self":[{"href":"https:\/\/www.polishscience.pl\/fr\/wp-json\/wp\/v2\/posts\/237337"}],"collection":[{"href":"https:\/\/www.polishscience.pl\/fr\/wp-json\/wp\/v2\/posts"}],"about":[{"href":"https:\/\/www.polishscience.pl\/fr\/wp-json\/wp\/v2\/types\/post"}],"author":[{"embeddable":true,"href":"https:\/\/www.polishscience.pl\/fr\/wp-json\/wp\/v2\/users\/6"}],"replies":[{"embeddable":true,"href":"https:\/\/www.polishscience.pl\/fr\/wp-json\/wp\/v2\/comments?post=237337"}],"version-history":[{"count":0,"href":"https:\/\/www.polishscience.pl\/fr\/wp-json\/wp\/v2\/posts\/237337\/revisions"}],"wp:featuredmedia":[{"embeddable":true,"href":"https:\/\/www.polishscience.pl\/fr\/wp-json\/wp\/v2\/media\/237246"}],"wp:attachment":[{"href":"https:\/\/www.polishscience.pl\/fr\/wp-json\/wp\/v2\/media?parent=237337"}],"wp:term":[{"taxonomy":"category","embeddable":true,"href":"https:\/\/www.polishscience.pl\/fr\/wp-json\/wp\/v2\/categories?post=237337"},{"taxonomy":"post_tag","embeddable":true,"href":"https:\/\/www.polishscience.pl\/fr\/wp-json\/wp\/v2\/tags?post=237337"}],"curies":[{"name":"wp","href":"https:\/\/api.w.org\/{rel}","templated":true}]}}