{"id":236561,"date":"2022-08-31T10:55:19","date_gmt":"2022-08-31T08:55:19","guid":{"rendered":"https:\/\/polishscience.pl\/?p=236561"},"modified":"2022-08-31T10:55:19","modified_gmt":"2022-08-31T08:55:19","slug":"la-polytechnique-de-silesie-est-dans-le-reseau-de-lacademie-copernicus","status":"publish","type":"post","link":"https:\/\/www.polishscience.pl\/fr\/la-polytechnique-de-silesie-est-dans-le-reseau-de-lacademie-copernicus\/","title":{"rendered":"La Polytechnique de Sil\u00e9sie est dans le r\u00e9seau de l&rsquo;Acad\u00e9mie Copernicus"},"content":{"rendered":"<p><b>La Polytechnique de Sil\u00e9sie a rejoint le r\u00e9seau de l&rsquo;Acad\u00e9mie Copernicus. Il s&rsquo;agit d&rsquo;un programme de la Commission Europ\u00e9enne r\u00e9alis\u00e9 en coop\u00e9ration avec les \u00c9tats membres, l&rsquo;Agence Spatiale Europ\u00e9enne, l&rsquo;Organisation Europ\u00e9enne pour l&rsquo;Exploitation de Satellites M\u00e9t\u00e9orologiques, le Centre Europ\u00e9en pour les Pr\u00e9visions M\u00e9t\u00e9orologiques \u00e0 moyen terme, les agences de l&rsquo;Union Europ\u00e9enne et l&rsquo;institut de Recherche Mercator Oc\u00e9an.<\/b><\/p>\n<p><span style=\"font-weight: 400;\">L&rsquo;Acad\u00e9mie Copernicus met en relation des universit\u00e9s europ\u00e9ennes, des instituts de recherche, des \u00e9coles de commerce, des organisations priv\u00e9es et des organisations \u00e0 but non lucratif. L&rsquo;objectif du r\u00e9seau est de cr\u00e9er des liens entre les institutions et les organismes de recherche et d&rsquo;enseignement et les prestataires de services, de faciliter la recherche collaborative, de d\u00e9velopper des conf\u00e9rences, des sessions de formation, des stages et du mat\u00e9riel \u00e9ducatif et de formation.\u00a0<\/span><\/p>\n<p><span style=\"font-weight: 400;\">Le programme fournit des services d&rsquo;information bas\u00e9s sur des donn\u00e9es satellitaires (Sentinel) et sur des stations terrestres transmettant des donn\u00e9es provenant de capteurs sur terre, en mer ou dans les airs, rapporte la Polytechnique de Sil\u00e9sie.<\/span><\/p>\n<p><span style=\"font-weight: 400;\">En savoir plus : <\/span><a href=\"https:\/\/www.polsl.pl\/ps_aktualnosci\/politechnika-slaska-w-sieci-copernicus-academy\/\"><span style=\"font-weight: 400;\">https:\/\/www.polsl.pl\/ps_aktualnosci\/politechnika-slaska-w-sieci-copernicus-academy\/<\/span><\/a><\/p>\n<p>&nbsp;<\/p>\n","protected":false},"excerpt":{"rendered":"<p>La Polytechnique de Sil\u00e9sie a rejoint le r\u00e9seau de l&rsquo;Acad\u00e9mie Copernicus. Il s&rsquo;agit d&rsquo;un programme de la Commission Europ\u00e9enne r\u00e9alis\u00e9 en coop\u00e9ration avec les \u00c9tats membres, l&rsquo;Agence Spatiale Europ\u00e9enne, l&rsquo;Organisation Europ\u00e9enne pour l&rsquo;Exploitation de Satellites M\u00e9t\u00e9orologiques, le Centre Europ\u00e9en pour les Pr\u00e9visions M\u00e9t\u00e9orologiques \u00e0 moyen terme, les agences de l&rsquo;Union Europ\u00e9enne et l&rsquo;institut de Recherche [&hellip;]<\/p>\n","protected":false},"author":6,"featured_media":236521,"comment_status":"closed","ping_status":"closed","sticky":false,"template":"","format":"standard","meta":[],"categories":[35,24],"tags":[],"_links":{"self":[{"href":"https:\/\/www.polishscience.pl\/fr\/wp-json\/wp\/v2\/posts\/236561"}],"collection":[{"href":"https:\/\/www.polishscience.pl\/fr\/wp-json\/wp\/v2\/posts"}],"about":[{"href":"https:\/\/www.polishscience.pl\/fr\/wp-json\/wp\/v2\/types\/post"}],"author":[{"embeddable":true,"href":"https:\/\/www.polishscience.pl\/fr\/wp-json\/wp\/v2\/users\/6"}],"replies":[{"embeddable":true,"href":"https:\/\/www.polishscience.pl\/fr\/wp-json\/wp\/v2\/comments?post=236561"}],"version-history":[{"count":0,"href":"https:\/\/www.polishscience.pl\/fr\/wp-json\/wp\/v2\/posts\/236561\/revisions"}],"wp:featuredmedia":[{"embeddable":true,"href":"https:\/\/www.polishscience.pl\/fr\/wp-json\/wp\/v2\/media\/236521"}],"wp:attachment":[{"href":"https:\/\/www.polishscience.pl\/fr\/wp-json\/wp\/v2\/media?parent=236561"}],"wp:term":[{"taxonomy":"category","embeddable":true,"href":"https:\/\/www.polishscience.pl\/fr\/wp-json\/wp\/v2\/categories?post=236561"},{"taxonomy":"post_tag","embeddable":true,"href":"https:\/\/www.polishscience.pl\/fr\/wp-json\/wp\/v2\/tags?post=236561"}],"curies":[{"name":"wp","href":"https:\/\/api.w.org\/{rel}","templated":true}]}}