{"id":235901,"date":"2022-08-26T10:30:15","date_gmt":"2022-08-26T08:30:15","guid":{"rendered":"https:\/\/polishscience.pl\/?p=235901"},"modified":"2022-08-26T10:30:15","modified_gmt":"2022-08-26T08:30:15","slug":"une-faculte-de-medecine-sera-creee-a-luniversite-de-plock","status":"publish","type":"post","link":"https:\/\/www.polishscience.pl\/fr\/une-faculte-de-medecine-sera-creee-a-luniversite-de-plock\/","title":{"rendered":"Une facult\u00e9 de m\u00e9decine sera cr\u00e9\u00e9e \u00e0 l&rsquo;Universit\u00e9 de Plock"},"content":{"rendered":"<p><b>Le Minist\u00e8re de l&rsquo;\u00c9ducation et des Sciences a approuv\u00e9 la cr\u00e9ation d&rsquo;une facult\u00e9 de m\u00e9decine \u00e0 l&rsquo;Universit\u00e9 Publique de Mazovie, \u00e0 P\u0142ock.<\/b><\/p>\n<p><span style=\"font-weight: 400;\">L&rsquo;intention de cr\u00e9er une facult\u00e9 de m\u00e9decine a \u00e9t\u00e9 annonc\u00e9e par l\u2019Universit\u00e9 Publique de P\u0142ock d\u00e8s le mois de mai, lorsque le recteur, le professeur Maciej S\u0142odki, a envoy\u00e9 un ensemble de documents au Minist\u00e8re de l&rsquo;\u00c9ducation et des Sciences afin d&rsquo;exprimer son consentement \u00e0 la cr\u00e9ation d&rsquo;un cours uniforme de ma\u00eetrise en m\u00e9decine.<\/span><\/p>\n<p><span style=\"font-weight: 400;\">Comme l&rsquo;\u00e9crivait le communiqu\u00e9 de l&rsquo;\u00e9poque, la demande totalisait plus de deux mille pages, et en cas de d\u00e9cision positive du Minist\u00e8re de l&rsquo;\u00c9ducation et des Sciences, puis du Comit\u00e9 d&rsquo;Accr\u00e9ditation Polonais, les premiers \u00e9tudiants de la facult\u00e9 de m\u00e9decine &#8211; au nombre d&rsquo;une soixantaine &#8211; pourraient commencer leurs \u00e9tudes en octobre 2023.<\/span><\/p>\n<p><span style=\"font-weight: 400;\">Pour rappel, \u00e0 partir du 1er octobre 2022, l&rsquo;Universit\u00e9 Publique de Mazovie sera transform\u00e9e en Acad\u00e9mie de Mazovie \u00e0 Plock.<\/span><\/p>\n","protected":false},"excerpt":{"rendered":"<p>Le Minist\u00e8re de l&rsquo;\u00c9ducation et des Sciences a approuv\u00e9 la cr\u00e9ation d&rsquo;une facult\u00e9 de m\u00e9decine \u00e0 l&rsquo;Universit\u00e9 Publique de Mazovie, \u00e0 P\u0142ock. L&rsquo;intention de cr\u00e9er une facult\u00e9 de m\u00e9decine a \u00e9t\u00e9 annonc\u00e9e par l\u2019Universit\u00e9 Publique de P\u0142ock d\u00e8s le mois de mai, lorsque le recteur, le professeur Maciej S\u0142odki, a envoy\u00e9 un ensemble de documents [&hellip;]<\/p>\n","protected":false},"author":6,"featured_media":235810,"comment_status":"closed","ping_status":"closed","sticky":false,"template":"","format":"standard","meta":[],"categories":[35],"tags":[],"_links":{"self":[{"href":"https:\/\/www.polishscience.pl\/fr\/wp-json\/wp\/v2\/posts\/235901"}],"collection":[{"href":"https:\/\/www.polishscience.pl\/fr\/wp-json\/wp\/v2\/posts"}],"about":[{"href":"https:\/\/www.polishscience.pl\/fr\/wp-json\/wp\/v2\/types\/post"}],"author":[{"embeddable":true,"href":"https:\/\/www.polishscience.pl\/fr\/wp-json\/wp\/v2\/users\/6"}],"replies":[{"embeddable":true,"href":"https:\/\/www.polishscience.pl\/fr\/wp-json\/wp\/v2\/comments?post=235901"}],"version-history":[{"count":0,"href":"https:\/\/www.polishscience.pl\/fr\/wp-json\/wp\/v2\/posts\/235901\/revisions"}],"wp:featuredmedia":[{"embeddable":true,"href":"https:\/\/www.polishscience.pl\/fr\/wp-json\/wp\/v2\/media\/235810"}],"wp:attachment":[{"href":"https:\/\/www.polishscience.pl\/fr\/wp-json\/wp\/v2\/media?parent=235901"}],"wp:term":[{"taxonomy":"category","embeddable":true,"href":"https:\/\/www.polishscience.pl\/fr\/wp-json\/wp\/v2\/categories?post=235901"},{"taxonomy":"post_tag","embeddable":true,"href":"https:\/\/www.polishscience.pl\/fr\/wp-json\/wp\/v2\/tags?post=235901"}],"curies":[{"name":"wp","href":"https:\/\/api.w.org\/{rel}","templated":true}]}}