{"id":231548,"date":"2022-08-02T12:11:38","date_gmt":"2022-08-02T10:11:38","guid":{"rendered":"https:\/\/polishscience.pl\/?p=231548"},"modified":"2022-08-02T12:11:38","modified_gmt":"2022-08-02T10:11:38","slug":"le-financement-du-consortium-epicur-avec-luniversite-adam-mickiewicz-de-poznan","status":"publish","type":"post","link":"https:\/\/www.polishscience.pl\/fr\/le-financement-du-consortium-epicur-avec-luniversite-adam-mickiewicz-de-poznan\/","title":{"rendered":"Le financement du consortium EPICUR avec l&rsquo;Universit\u00e9 Adam Mickiewicz de Pozna\u0144."},"content":{"rendered":"<p><b>La Commission Europ\u00e9enne (CE) a annonc\u00e9 les r\u00e9sultats d&rsquo;un concours destin\u00e9 aux consortiums d&rsquo;universit\u00e9s europ\u00e9ennes qui ont achev\u00e9 la phase pilote et souhaitent poursuivre leur coop\u00e9ration. Parmi les laur\u00e9ats figure EPICUR, un consortium qui comprend l&rsquo;Universit\u00e9 Adam Mickiewicz de Pozna\u0144, rapporte l&rsquo;universit\u00e9.<\/b><\/p>\n<p>La strat\u00e9gie de d\u00e9veloppement du consortium EPICUR jusqu&rsquo;en 2030, menant \u00e0 la cr\u00e9ation d&rsquo;une F\u00e9d\u00e9ration des Universit\u00e9s Europ\u00e9ennes, a re\u00e7u une subvention de 18 millions d&rsquo;euros de la CE dans le cadre du programme ERASMUS+ pour sa mise en \u0153uvre. Le projet, intitul\u00e9 EPICUR-SHAPE-IT, se d\u00e9roulera jusqu&rsquo;en 2028.<\/p>\n<p>Actuellement, EPICUR est compos\u00e9 de 9 universit\u00e9s de 7 pays europ\u00e9ens qui ont con\u00e7u conjointement un parcours pour atteindre un objectif que chaque universit\u00e9 ne peut atteindre seule. L&rsquo;ambition principale du consortium est de reconstruire les capacit\u00e9s et les comp\u00e9tences en mati\u00e8re d&rsquo;enseignement et de recherche dans les universit\u00e9s membres afin de d\u00e9velopper des solutions originales et innovantes et de former les nouvelles g\u00e9n\u00e9rations d&rsquo;Europ\u00e9ens.<\/p>\n<p>En savoir plus : <a href=\"https:\/\/amu.edu.pl\/dla-mediow\/komunikaty-prasowe\/epicur-z-grantem-w-wysokosci-18-mln-euro\">https:\/\/amu.edu.pl\/dla-mediow\/komunikaty-prasowe\/epicur-z-grantem-w-wysokosci-18-mln-euro<\/a><\/p>\n","protected":false},"excerpt":{"rendered":"<p>La Commission Europ\u00e9enne (CE) a annonc\u00e9 les r\u00e9sultats d&rsquo;un concours destin\u00e9 aux consortiums d&rsquo;universit\u00e9s europ\u00e9ennes qui ont achev\u00e9 la phase pilote et souhaitent poursuivre leur coop\u00e9ration. Parmi les laur\u00e9ats figure EPICUR, un consortium qui comprend l&rsquo;Universit\u00e9 Adam Mickiewicz de Pozna\u0144, rapporte l&rsquo;universit\u00e9. La strat\u00e9gie de d\u00e9veloppement du consortium EPICUR jusqu&rsquo;en 2030, menant \u00e0 la cr\u00e9ation [&hellip;]<\/p>\n","protected":false},"author":6,"featured_media":231524,"comment_status":"closed","ping_status":"closed","sticky":false,"template":"","format":"standard","meta":[],"categories":[35],"tags":[],"_links":{"self":[{"href":"https:\/\/www.polishscience.pl\/fr\/wp-json\/wp\/v2\/posts\/231548"}],"collection":[{"href":"https:\/\/www.polishscience.pl\/fr\/wp-json\/wp\/v2\/posts"}],"about":[{"href":"https:\/\/www.polishscience.pl\/fr\/wp-json\/wp\/v2\/types\/post"}],"author":[{"embeddable":true,"href":"https:\/\/www.polishscience.pl\/fr\/wp-json\/wp\/v2\/users\/6"}],"replies":[{"embeddable":true,"href":"https:\/\/www.polishscience.pl\/fr\/wp-json\/wp\/v2\/comments?post=231548"}],"version-history":[{"count":0,"href":"https:\/\/www.polishscience.pl\/fr\/wp-json\/wp\/v2\/posts\/231548\/revisions"}],"wp:featuredmedia":[{"embeddable":true,"href":"https:\/\/www.polishscience.pl\/fr\/wp-json\/wp\/v2\/media\/231524"}],"wp:attachment":[{"href":"https:\/\/www.polishscience.pl\/fr\/wp-json\/wp\/v2\/media?parent=231548"}],"wp:term":[{"taxonomy":"category","embeddable":true,"href":"https:\/\/www.polishscience.pl\/fr\/wp-json\/wp\/v2\/categories?post=231548"},{"taxonomy":"post_tag","embeddable":true,"href":"https:\/\/www.polishscience.pl\/fr\/wp-json\/wp\/v2\/tags?post=231548"}],"curies":[{"name":"wp","href":"https:\/\/api.w.org\/{rel}","templated":true}]}}