{"id":189840,"date":"2021-08-10T14:35:46","date_gmt":"2021-08-10T12:35:46","guid":{"rendered":"https:\/\/polishscience.pl\/?p=189840"},"modified":"2021-08-10T14:35:46","modified_gmt":"2021-08-10T12:35:46","slug":"le-patrimoine-culturel-local-lors-dune-conference-internationale-a-wroclaw","status":"publish","type":"post","link":"https:\/\/www.polishscience.pl\/fr\/le-patrimoine-culturel-local-lors-dune-conference-internationale-a-wroclaw\/","title":{"rendered":"Le patrimoine culturel local lors d&rsquo;une conf\u00e9rence internationale \u00e0 Wroc\u0142aw"},"content":{"rendered":"<p><strong>L&rsquo;Universit\u00e9 de Basse-Sil\u00e9sie \u00e0 Wroc\u0142aw invite \u00e0 participer \u00e0 une conf\u00e9rence intitul\u00e9e \u00ab\u00a0Le patrimoine culturel pour la responsabilit\u00e9 sociale : rapprocher les universit\u00e9s et les communaut\u00e9s\u00a0\u00bb qui se tiendra du 31 ao\u00fbt au 2 septembre dans le cadre du projet Erasmus + \u00ab\u00a0Le patrimoine culturel europ\u00e9en comme instrument de renforcement de l&rsquo;apprentissage acad\u00e9mique et de la responsabilit\u00e9 sociale des \u00e9tablissements d&rsquo;enseignement sup\u00e9rieur\u00a0\u00bb.<\/strong><\/p>\n<p>L&rsquo;objectif de la conf\u00e9rence est de montrer comment les universit\u00e9s ont la possibilit\u00e9 d&rsquo;utiliser plus efficacement les ressources du patrimoine culturel local et de promouvoir sa valeur \u00e9ducative et sociale, ainsi que de remplir leur propre mission d&rsquo;institutions socialement responsables, informe l&rsquo;universit\u00e9.<\/p>\n<p>L&rsquo;ambition des organisateurs est de cr\u00e9er un espace de dialogue sur le patrimoine culturel et la responsabilit\u00e9 sociale en tant que passerelle pour la coop\u00e9ration avec les \u00e9tablissements d&rsquo;enseignement sup\u00e9rieur. La conf\u00e9rence sera l&rsquo;occasion d&rsquo;\u00e9changer des exp\u00e9riences et de parler de pratiques inspirantes, d&rsquo;actions locales, ainsi que de d\u00e9fis et de solutions.<\/p>\n<p>En savoir plus : <a href=\"https:\/\/www.dsw.edu.pl\/aktualnosci\/zaproszenie-na-miedzynarodowa-konferencje-cultural-heritage-social-responsibility-bridging\">https:\/\/www.dsw.edu.pl\/aktualnosci\/zaproszenie-na-miedzynarodowa-konferencje-cultural-heritage-social-responsibility-bridging<\/a><\/p>\n","protected":false},"excerpt":{"rendered":"<p>L&rsquo;Universit\u00e9 de Basse-Sil\u00e9sie \u00e0 Wroc\u0142aw invite \u00e0 participer \u00e0 une conf\u00e9rence intitul\u00e9e \u00ab\u00a0Le patrimoine culturel pour la responsabilit\u00e9 sociale : rapprocher les universit\u00e9s et les communaut\u00e9s\u00a0\u00bb qui se tiendra du 31 ao\u00fbt au 2 septembre dans le cadre du projet Erasmus + \u00ab\u00a0Le patrimoine culturel europ\u00e9en comme instrument de renforcement de l&rsquo;apprentissage acad\u00e9mique et de [&hellip;]<\/p>\n","protected":false},"author":11,"featured_media":0,"comment_status":"closed","ping_status":"closed","sticky":false,"template":"","format":"standard","meta":[],"categories":[35,41],"tags":[],"_links":{"self":[{"href":"https:\/\/www.polishscience.pl\/fr\/wp-json\/wp\/v2\/posts\/189840"}],"collection":[{"href":"https:\/\/www.polishscience.pl\/fr\/wp-json\/wp\/v2\/posts"}],"about":[{"href":"https:\/\/www.polishscience.pl\/fr\/wp-json\/wp\/v2\/types\/post"}],"author":[{"embeddable":true,"href":"https:\/\/www.polishscience.pl\/fr\/wp-json\/wp\/v2\/users\/11"}],"replies":[{"embeddable":true,"href":"https:\/\/www.polishscience.pl\/fr\/wp-json\/wp\/v2\/comments?post=189840"}],"version-history":[{"count":0,"href":"https:\/\/www.polishscience.pl\/fr\/wp-json\/wp\/v2\/posts\/189840\/revisions"}],"wp:attachment":[{"href":"https:\/\/www.polishscience.pl\/fr\/wp-json\/wp\/v2\/media?parent=189840"}],"wp:term":[{"taxonomy":"category","embeddable":true,"href":"https:\/\/www.polishscience.pl\/fr\/wp-json\/wp\/v2\/categories?post=189840"},{"taxonomy":"post_tag","embeddable":true,"href":"https:\/\/www.polishscience.pl\/fr\/wp-json\/wp\/v2\/tags?post=189840"}],"curies":[{"name":"wp","href":"https:\/\/api.w.org\/{rel}","templated":true}]}}