{"id":189818,"date":"2021-08-10T14:35:10","date_gmt":"2021-08-10T12:35:10","guid":{"rendered":"https:\/\/polishscience.pl\/?p=189818"},"modified":"2021-08-10T14:35:10","modified_gmt":"2021-08-10T12:35:10","slug":"la-conference-scientifique-sur-le-950e-anniversaire-de-la-ville-de-kielce","status":"publish","type":"post","link":"https:\/\/www.polishscience.pl\/fr\/la-conference-scientifique-sur-le-950e-anniversaire-de-la-ville-de-kielce\/","title":{"rendered":"La conf\u00e9rence scientifique sur le 950e anniversaire de la ville de Kielce"},"content":{"rendered":"<p><strong>Le Mus\u00e9e d&rsquo;Histoire de Kielce, en coop\u00e9ration avec l&rsquo;Institut d&rsquo;Histoire de l&rsquo;Universit\u00e9 Jan Kochanowski de Kielce et la Facult\u00e9 d&rsquo;Histoire de l&rsquo;Universit\u00e9 Adam Mickiewicz de Pozna\u0144, organise une conf\u00e9rence pour marquer le 950e anniversaire de la fondation de la ville de Kielce.<\/strong><\/p>\n<p>Les organisateurs soulignent que cet anniversaire, bien que conventionnel et discut\u00e9 dans les milieux acad\u00e9miques, se r\u00e9f\u00e8re \u00e0 la tradition des pr\u00e9c\u00e9dentes c\u00e9l\u00e9brations du jubil\u00e9 de la fondation de la ville en 1971, les c\u00e9r\u00e9monies et les \u00e9v\u00e9nements c\u00e9l\u00e9br\u00e9s \u00e0 l&rsquo;\u00e9poque sous la banni\u00e8re \u00ab\u00a0IX wiek\u00f3w Kielc\u00a0\u00bb (Neuf si\u00e8cles de Kielce).<\/p>\n<p>L&rsquo;\u00e9v\u00e9nement aura lieu les 14 et 15 octobre 2021. Conform\u00e9ment \u00e0 son titre, la conf\u00e9rence pr\u00e9sentera les derni\u00e8res d\u00e9couvertes et recherches sur les origines et le d\u00e9veloppement de la ville dans ses premiers temps m\u00e9di\u00e9vaux et modernes.<\/p>\n<p>Ces questions seront discut\u00e9es par une \u00e9quipe interdisciplinaire d&rsquo;intervenants : arch\u00e9ologues, historiens, historiens de l&rsquo;art, archivistes et biblioth\u00e9caires, repr\u00e9sentant divers centres de recherche du pays.<\/p>\n","protected":false},"excerpt":{"rendered":"<p>Le Mus\u00e9e d&rsquo;Histoire de Kielce, en coop\u00e9ration avec l&rsquo;Institut d&rsquo;Histoire de l&rsquo;Universit\u00e9 Jan Kochanowski de Kielce et la Facult\u00e9 d&rsquo;Histoire de l&rsquo;Universit\u00e9 Adam Mickiewicz de Pozna\u0144, organise une conf\u00e9rence pour marquer le 950e anniversaire de la fondation de la ville de Kielce. Les organisateurs soulignent que cet anniversaire, bien que conventionnel et discut\u00e9 dans les [&hellip;]<\/p>\n","protected":false},"author":11,"featured_media":0,"comment_status":"closed","ping_status":"closed","sticky":false,"template":"","format":"standard","meta":[],"categories":[41,37],"tags":[],"_links":{"self":[{"href":"https:\/\/www.polishscience.pl\/fr\/wp-json\/wp\/v2\/posts\/189818"}],"collection":[{"href":"https:\/\/www.polishscience.pl\/fr\/wp-json\/wp\/v2\/posts"}],"about":[{"href":"https:\/\/www.polishscience.pl\/fr\/wp-json\/wp\/v2\/types\/post"}],"author":[{"embeddable":true,"href":"https:\/\/www.polishscience.pl\/fr\/wp-json\/wp\/v2\/users\/11"}],"replies":[{"embeddable":true,"href":"https:\/\/www.polishscience.pl\/fr\/wp-json\/wp\/v2\/comments?post=189818"}],"version-history":[{"count":0,"href":"https:\/\/www.polishscience.pl\/fr\/wp-json\/wp\/v2\/posts\/189818\/revisions"}],"wp:attachment":[{"href":"https:\/\/www.polishscience.pl\/fr\/wp-json\/wp\/v2\/media?parent=189818"}],"wp:term":[{"taxonomy":"category","embeddable":true,"href":"https:\/\/www.polishscience.pl\/fr\/wp-json\/wp\/v2\/categories?post=189818"},{"taxonomy":"post_tag","embeddable":true,"href":"https:\/\/www.polishscience.pl\/fr\/wp-json\/wp\/v2\/tags?post=189818"}],"curies":[{"name":"wp","href":"https:\/\/api.w.org\/{rel}","templated":true}]}}