{"id":189436,"date":"2021-08-06T12:41:37","date_gmt":"2021-08-06T10:41:37","guid":{"rendered":"https:\/\/polishscience.pl\/?p=189436"},"modified":"2021-08-06T12:41:37","modified_gmt":"2021-08-06T10:41:37","slug":"des-chercheurs-de-luniversite-de-lodz-compileront-une-monographie-de-la-ville-de-lodz","status":"publish","type":"post","link":"https:\/\/www.polishscience.pl\/fr\/des-chercheurs-de-luniversite-de-lodz-compileront-une-monographie-de-la-ville-de-lodz\/","title":{"rendered":"Des chercheurs de l&rsquo;Universit\u00e9 de \u0141\u00f3d\u017a compileront une monographie de la ville de \u0141\u00f3d\u017a"},"content":{"rendered":"<p class=\"Standard\"><strong><span lang=\"EN-US\" style=\"font-family: 'Times New Roman',serif;\">Hanna Zdanowska, le maire de la ville de \u0141\u00f3d\u017a, le professeur El\u017cbieta \u017b\u0105dzi\u0144ska, le recteur de l&rsquo;Universit\u00e9 de \u0141\u00f3d\u017a (U\u0141) et les autorit\u00e9s des institutions partenaires ont sign\u00e9 une lettre d&rsquo;intention pour pr\u00e9parer une publication en cinq volumes pr\u00e9sentant l&rsquo;histoire de \u0141\u00f3d\u017a. La monographie sera publi\u00e9e en 2023, le jour du 600e anniversaire de la ville.<\/span><\/strong><\/p>\n<p class=\"Standard\"><span lang=\"EN-US\" style=\"font-family: 'Times New Roman',serif;\">La publication sera pr\u00e9par\u00e9e par plus de 100 auteurs, dont la plupart sont des scientifiques de la Facult\u00e9 de Philosophie et d&rsquo;Histoire de l&rsquo;Universit\u00e9 de \u0141\u00f3d\u017a (historiens, arch\u00e9ologues, ethnologues et anthropologues culturels, historiens de l&rsquo;art). Plusieurs linguistes et litt\u00e9raires de la Facult\u00e9 de Philologie de l&rsquo;Universit\u00e9 de \u0141\u00f3d\u017a participent \u00e9galement aux travaux.<\/span><\/p>\n<p class=\"Standard\"><span lang=\"EN-US\" style=\"font-family: 'Times New Roman',serif;\">\u0141\u00f3d\u017a, l&rsquo;une des rares grandes villes polonaises, n&rsquo;a pas encore re\u00e7u une description compl\u00e8te de son histoire sous la forme d&rsquo;une monographie de plusieurs volumes. Nous avons l&rsquo;ambition de cr\u00e9er un ouvrage qui sera complet, moderne, richement illustr\u00e9 et int\u00e9ressant pour le lecteur moyen\u00a0\u00bb, a d\u00e9clar\u00e9 le professeur Jaros\u0142aw Kita, historien de l&rsquo;Universit\u00e9 de \u0141\u00f3d\u017a, pr\u00e9sident du comit\u00e9 \u00e9ditorial.<\/span><\/p>\n","protected":false},"excerpt":{"rendered":"<p>Hanna Zdanowska, le maire de la ville de \u0141\u00f3d\u017a, le professeur El\u017cbieta \u017b\u0105dzi\u0144ska, le recteur de l&rsquo;Universit\u00e9 de \u0141\u00f3d\u017a (U\u0141) et les autorit\u00e9s des institutions partenaires ont sign\u00e9 une lettre d&rsquo;intention pour pr\u00e9parer une publication en cinq volumes pr\u00e9sentant l&rsquo;histoire de \u0141\u00f3d\u017a. La monographie sera publi\u00e9e en 2023, le jour du 600e anniversaire de la [&hellip;]<\/p>\n","protected":false},"author":11,"featured_media":0,"comment_status":"closed","ping_status":"closed","sticky":false,"template":"","format":"standard","meta":[],"categories":[37],"tags":[],"_links":{"self":[{"href":"https:\/\/www.polishscience.pl\/fr\/wp-json\/wp\/v2\/posts\/189436"}],"collection":[{"href":"https:\/\/www.polishscience.pl\/fr\/wp-json\/wp\/v2\/posts"}],"about":[{"href":"https:\/\/www.polishscience.pl\/fr\/wp-json\/wp\/v2\/types\/post"}],"author":[{"embeddable":true,"href":"https:\/\/www.polishscience.pl\/fr\/wp-json\/wp\/v2\/users\/11"}],"replies":[{"embeddable":true,"href":"https:\/\/www.polishscience.pl\/fr\/wp-json\/wp\/v2\/comments?post=189436"}],"version-history":[{"count":0,"href":"https:\/\/www.polishscience.pl\/fr\/wp-json\/wp\/v2\/posts\/189436\/revisions"}],"wp:attachment":[{"href":"https:\/\/www.polishscience.pl\/fr\/wp-json\/wp\/v2\/media?parent=189436"}],"wp:term":[{"taxonomy":"category","embeddable":true,"href":"https:\/\/www.polishscience.pl\/fr\/wp-json\/wp\/v2\/categories?post=189436"},{"taxonomy":"post_tag","embeddable":true,"href":"https:\/\/www.polishscience.pl\/fr\/wp-json\/wp\/v2\/tags?post=189436"}],"curies":[{"name":"wp","href":"https:\/\/api.w.org\/{rel}","templated":true}]}}