{"id":188549,"date":"2021-07-30T18:14:28","date_gmt":"2021-07-30T16:14:28","guid":{"rendered":"https:\/\/polishscience.pl\/?p=188549"},"modified":"2021-07-30T18:14:28","modified_gmt":"2021-07-30T16:14:28","slug":"la-conference-internationale-les-immigres-du-caucase-en-europe-entre-la-notion-de-liberte-et-lalienation","status":"publish","type":"post","link":"https:\/\/www.polishscience.pl\/fr\/la-conference-internationale-les-immigres-du-caucase-en-europe-entre-la-notion-de-liberte-et-lalienation\/","title":{"rendered":"La conf\u00e9rence internationale \u00ab\u00a0Les immigr\u00e9s du Caucase en Europe. Entre la notion de libert\u00e9 et l&rsquo;ali\u00e9nation\u00a0\u00bb"},"content":{"rendered":"<p><strong>Le laboratoire du professeur Richard Pipes de l&rsquo;Institut d&rsquo;\u00c9tudes Politiques de l&rsquo;Acad\u00e9mie Polonaise des Sciences invite \u00e0 participer \u00e0 la conf\u00e9rence internationale \u00ab\u00a0Immigrants du Caucase en Europe. Entre la notion de libert\u00e9 et l&rsquo;ali\u00e9nation\u00a0\u00bb, qui aura lieu les 2 et 3 septembre 2021.<\/strong><\/p>\n<p>La conf\u00e9rence se d\u00e9roulera en deux parties. La premi\u00e8re portera sur l&rsquo;histoire de l&rsquo;\u00e9migration caucasienne en Europe apr\u00e8s la r\u00e9volution d&rsquo;octobre. Dans ce cadre, les organisateurs ont l&rsquo;intention de chercher des r\u00e9ponses aux questions suivantes, entre autres : Comment les immigrants du Caucase se sont-ils impliqu\u00e9s dans la vie politique ? Quels ont \u00e9t\u00e9 les destins des \u00e9migrants politiques individuels ? Quelle a \u00e9t\u00e9 la contribution des nouveaux arrivants du Caucase \u00e0 la connaissance de la r\u00e9gion ?<\/p>\n<p>La deuxi\u00e8me partie de la conf\u00e9rence portera sur la p\u00e9riode contemporaine, c&rsquo;est-\u00e0-dire la p\u00e9riode qui suit les changements politiques intervenus en Europe en 1989 : Comment les migrants du Caucase ont-ils influenc\u00e9 la vie sociale et les pratiques \u00e9conomiques des soci\u00e9t\u00e9s europ\u00e9ennes ? Comment se d\u00e9roule le processus d&rsquo;int\u00e9gration des personnes originaires du Caucase ? Quel est l&rsquo;impact de la religion sur la perception des personnes venant du Caucase en Europe ?<\/p>\n","protected":false},"excerpt":{"rendered":"<p>Le laboratoire du professeur Richard Pipes de l&rsquo;Institut d&rsquo;\u00c9tudes Politiques de l&rsquo;Acad\u00e9mie Polonaise des Sciences invite \u00e0 participer \u00e0 la conf\u00e9rence internationale \u00ab\u00a0Immigrants du Caucase en Europe. Entre la notion de libert\u00e9 et l&rsquo;ali\u00e9nation\u00a0\u00bb, qui aura lieu les 2 et 3 septembre 2021. La conf\u00e9rence se d\u00e9roulera en deux parties. La premi\u00e8re portera sur l&rsquo;histoire [&hellip;]<\/p>\n","protected":false},"author":11,"featured_media":0,"comment_status":"closed","ping_status":"closed","sticky":false,"template":"","format":"standard","meta":[],"categories":[41],"tags":[],"_links":{"self":[{"href":"https:\/\/www.polishscience.pl\/fr\/wp-json\/wp\/v2\/posts\/188549"}],"collection":[{"href":"https:\/\/www.polishscience.pl\/fr\/wp-json\/wp\/v2\/posts"}],"about":[{"href":"https:\/\/www.polishscience.pl\/fr\/wp-json\/wp\/v2\/types\/post"}],"author":[{"embeddable":true,"href":"https:\/\/www.polishscience.pl\/fr\/wp-json\/wp\/v2\/users\/11"}],"replies":[{"embeddable":true,"href":"https:\/\/www.polishscience.pl\/fr\/wp-json\/wp\/v2\/comments?post=188549"}],"version-history":[{"count":0,"href":"https:\/\/www.polishscience.pl\/fr\/wp-json\/wp\/v2\/posts\/188549\/revisions"}],"wp:attachment":[{"href":"https:\/\/www.polishscience.pl\/fr\/wp-json\/wp\/v2\/media?parent=188549"}],"wp:term":[{"taxonomy":"category","embeddable":true,"href":"https:\/\/www.polishscience.pl\/fr\/wp-json\/wp\/v2\/categories?post=188549"},{"taxonomy":"post_tag","embeddable":true,"href":"https:\/\/www.polishscience.pl\/fr\/wp-json\/wp\/v2\/tags?post=188549"}],"curies":[{"name":"wp","href":"https:\/\/api.w.org\/{rel}","templated":true}]}}