{"id":178526,"date":"2021-05-14T13:50:06","date_gmt":"2021-05-14T11:50:06","guid":{"rendered":"https:\/\/polishscience.pl\/?p=178526"},"modified":"2021-05-14T13:50:06","modified_gmt":"2021-05-14T11:50:06","slug":"le-doctorat-honoris-causa-pour-le-professeur-andrzej-chwalba","status":"publish","type":"post","link":"https:\/\/www.polishscience.pl\/fr\/le-doctorat-honoris-causa-pour-le-professeur-andrzej-chwalba\/","title":{"rendered":"Le doctorat honoris causa pour le professeur Andrzej Chwalba"},"content":{"rendered":"<p class=\"Standard\"><strong><span lang=\"EN-US\" style=\"font-family: 'Times New Roman',serif;\">Le 11 mai 2021, lors des c\u00e9l\u00e9brations du 75e anniversaire de l&rsquo;Universit\u00e9 P\u00e9dagogique de Cracovie, un doctorat honoris causa a \u00e9t\u00e9 d\u00e9cern\u00e9 au professeur Andrzej Chwalba, historien de l&rsquo;Institut d&rsquo;Histoire de l&rsquo;Universit\u00e9 Jagellonne (UJ), qui a \u00e9t\u00e9 honor\u00e9 pour ses remarquables r\u00e9alisations scientifiques, organisationnelles et didactiques ainsi que pour son \u00e9troite coop\u00e9ration avec l&rsquo;Universit\u00e9 P\u00e9dagogique.<\/span><\/strong><\/p>\n<p class=\"Standard\"><span lang=\"EN-US\" style=\"font-family: 'Times New Roman',serif;\">Le professeur Andrzej Chwalba est li\u00e9 professionnellement \u00e0 l&rsquo;Institut d&rsquo;Histoire de l&rsquo;Universit\u00e9 Jagiellonne. Il a \u00e9t\u00e9 directeur adjoint de l&rsquo;Institut, doyen de la Facult\u00e9 d&rsquo;Histoire (1996-1999), vice-recteur \u00e0 la didactique (1999-2005). Il a fond\u00e9 et dirig\u00e9 le D\u00e9partement d&rsquo;Anthropologie Historique, a co-cr\u00e9\u00e9 le programme de sp\u00e9cialisation en anthropologie et a form\u00e9 plusieurs g\u00e9n\u00e9rations d&rsquo;historiens.<\/span><\/p>\n<p class=\"Standard\"><span lang=\"EN-US\" style=\"font-family: 'Times New Roman',serif;\">Il est \u00e9galement vice-pr\u00e9sident de l&rsquo;Association d\u2019Histoire Polonaise et membre de la Fondation pour l&rsquo;aide aux aveugles et aux enfants malvoyants, du Comit\u00e9 international du programme du Mus\u00e9e de la Seconde Guerre mondiale de Gda\u0144sk et du Comit\u00e9 d&rsquo;organisation du XXIIIe Congr\u00e8s international des sciences historiques de Pozna\u0144.<\/span><\/p>\n","protected":false},"excerpt":{"rendered":"<p>Le 11 mai 2021, lors des c\u00e9l\u00e9brations du 75e anniversaire de l&rsquo;Universit\u00e9 P\u00e9dagogique de Cracovie, un doctorat honoris causa a \u00e9t\u00e9 d\u00e9cern\u00e9 au professeur Andrzej Chwalba, historien de l&rsquo;Institut d&rsquo;Histoire de l&rsquo;Universit\u00e9 Jagellonne (UJ), qui a \u00e9t\u00e9 honor\u00e9 pour ses remarquables r\u00e9alisations scientifiques, organisationnelles et didactiques ainsi que pour son \u00e9troite coop\u00e9ration avec l&rsquo;Universit\u00e9 P\u00e9dagogique. [&hellip;]<\/p>\n","protected":false},"author":11,"featured_media":0,"comment_status":"closed","ping_status":"closed","sticky":false,"template":"","format":"standard","meta":[],"categories":[35],"tags":[],"_links":{"self":[{"href":"https:\/\/www.polishscience.pl\/fr\/wp-json\/wp\/v2\/posts\/178526"}],"collection":[{"href":"https:\/\/www.polishscience.pl\/fr\/wp-json\/wp\/v2\/posts"}],"about":[{"href":"https:\/\/www.polishscience.pl\/fr\/wp-json\/wp\/v2\/types\/post"}],"author":[{"embeddable":true,"href":"https:\/\/www.polishscience.pl\/fr\/wp-json\/wp\/v2\/users\/11"}],"replies":[{"embeddable":true,"href":"https:\/\/www.polishscience.pl\/fr\/wp-json\/wp\/v2\/comments?post=178526"}],"version-history":[{"count":0,"href":"https:\/\/www.polishscience.pl\/fr\/wp-json\/wp\/v2\/posts\/178526\/revisions"}],"wp:attachment":[{"href":"https:\/\/www.polishscience.pl\/fr\/wp-json\/wp\/v2\/media?parent=178526"}],"wp:term":[{"taxonomy":"category","embeddable":true,"href":"https:\/\/www.polishscience.pl\/fr\/wp-json\/wp\/v2\/categories?post=178526"},{"taxonomy":"post_tag","embeddable":true,"href":"https:\/\/www.polishscience.pl\/fr\/wp-json\/wp\/v2\/tags?post=178526"}],"curies":[{"name":"wp","href":"https:\/\/api.w.org\/{rel}","templated":true}]}}