{"id":178018,"date":"2021-05-11T15:49:09","date_gmt":"2021-05-11T13:49:09","guid":{"rendered":"https:\/\/polishscience.pl\/?p=178018"},"modified":"2021-05-11T15:49:09","modified_gmt":"2021-05-11T13:49:09","slug":"la-conference-sur-la-peur-a-luniversite-adam-mickiewicz-de-poznan","status":"publish","type":"post","link":"https:\/\/www.polishscience.pl\/fr\/la-conference-sur-la-peur-a-luniversite-adam-mickiewicz-de-poznan\/","title":{"rendered":"La conf\u00e9rence sur la peur \u00e0 l&rsquo;Universit\u00e9 Adam Mickiewicz de Pozna\u0144"},"content":{"rendered":"<p class=\"Standard\"><strong><span lang=\"EN-US\" style=\"font-family: 'Times New Roman',serif;\">La Facult\u00e9 des Sciences Politiques et du Journalisme de l&rsquo;Universit\u00e9 Adam Mickiewicz de Poznan et l&rsquo;Association Scientifique de Psychologie Politique invitent \u00e0 la conf\u00e9rence \u00ab\u00a0Le manuel de la peur\u00a0\u00bb les 13 et 14 mai. La conf\u00e9rence se d\u00e9roulera en ligne.<\/span><\/strong><\/p>\n<p class=\"Standard\"><span lang=\"EN-US\" style=\"font-family: 'Times New Roman',serif;\">La peur accompagne de nombreuses personnes &#8211; et pas seulement en lien avec une pand\u00e9mie &#8211; et rev\u00eat de nombreuses dimensions, telles que : la peur pour sa sant\u00e9 et celle de ses proches, la peur de l&rsquo;avenir ou la peur du travail. Elle affecte le fonctionnement humain dans ses dimensions psychologiques et biologiques, mais aussi dans ses dimensions sociales, \u00e9conomiques et politiques.<\/span><\/p>\n<p class=\"Standard\"><span lang=\"EN-US\" style=\"font-family: 'Times New Roman',serif;\">Les th\u00e8mes de la conf\u00e9rence sont les suivants : la peur et les sciences politiques &#8211; l&rsquo;impact de la peur sur la prise de d\u00e9cision politique, l&rsquo;utilisation de la peur dans l&rsquo;action politique ; la peur dans la culture et l&rsquo;art &#8211; les mani\u00e8res de la pr\u00e9senter, l&rsquo;utilisation de la culture et de l&rsquo;art pour l&rsquo;apprivoiser, ainsi que la peur en biologie, en philosophie et en th\u00e9ologie, et le sport &#8211; peut-on lire sur l&rsquo;invitation publi\u00e9e sur le site web de l&rsquo;universit\u00e9 d&rsquo;\u00e9ducation physique de Poznan.<\/span><\/p>\n<p class=\"Standard\"><span lang=\"EN-US\" style=\"font-family: 'Times New Roman',serif;\">En savoir plus : <a href=\"https:\/\/www.awf.poznan.pl\/pl\/lista-aktualnosci\/newsy-2021\/6318-konferencja-o-strachu-takze-w-sporcie\">https:\/\/www.awf.poznan.pl\/pl\/lista-aktualnosci\/newsy-2021\/6318-konferencja-o-strachu-takze-w-sporcie<\/a><\/span><\/p>\n","protected":false},"excerpt":{"rendered":"<p>La Facult\u00e9 des Sciences Politiques et du Journalisme de l&rsquo;Universit\u00e9 Adam Mickiewicz de Poznan et l&rsquo;Association Scientifique de Psychologie Politique invitent \u00e0 la conf\u00e9rence \u00ab\u00a0Le manuel de la peur\u00a0\u00bb les 13 et 14 mai. La conf\u00e9rence se d\u00e9roulera en ligne. La peur accompagne de nombreuses personnes &#8211; et pas seulement en lien avec une pand\u00e9mie [&hellip;]<\/p>\n","protected":false},"author":11,"featured_media":0,"comment_status":"closed","ping_status":"closed","sticky":false,"template":"","format":"standard","meta":[],"categories":[41,37],"tags":[],"_links":{"self":[{"href":"https:\/\/www.polishscience.pl\/fr\/wp-json\/wp\/v2\/posts\/178018"}],"collection":[{"href":"https:\/\/www.polishscience.pl\/fr\/wp-json\/wp\/v2\/posts"}],"about":[{"href":"https:\/\/www.polishscience.pl\/fr\/wp-json\/wp\/v2\/types\/post"}],"author":[{"embeddable":true,"href":"https:\/\/www.polishscience.pl\/fr\/wp-json\/wp\/v2\/users\/11"}],"replies":[{"embeddable":true,"href":"https:\/\/www.polishscience.pl\/fr\/wp-json\/wp\/v2\/comments?post=178018"}],"version-history":[{"count":0,"href":"https:\/\/www.polishscience.pl\/fr\/wp-json\/wp\/v2\/posts\/178018\/revisions"}],"wp:attachment":[{"href":"https:\/\/www.polishscience.pl\/fr\/wp-json\/wp\/v2\/media?parent=178018"}],"wp:term":[{"taxonomy":"category","embeddable":true,"href":"https:\/\/www.polishscience.pl\/fr\/wp-json\/wp\/v2\/categories?post=178018"},{"taxonomy":"post_tag","embeddable":true,"href":"https:\/\/www.polishscience.pl\/fr\/wp-json\/wp\/v2\/tags?post=178018"}],"curies":[{"name":"wp","href":"https:\/\/api.w.org\/{rel}","templated":true}]}}