{"id":177691,"date":"2021-05-10T13:50:02","date_gmt":"2021-05-10T11:50:02","guid":{"rendered":"https:\/\/polishscience.pl\/?p=177691"},"modified":"2021-05-10T13:50:02","modified_gmt":"2021-05-10T11:50:02","slug":"les-inscriptions-pour-les-etudes-a-luniversite-catholique-de-lublin-ont-commence","status":"publish","type":"post","link":"https:\/\/www.polishscience.pl\/fr\/les-inscriptions-pour-les-etudes-a-luniversite-catholique-de-lublin-ont-commence\/","title":{"rendered":"Les inscriptions pour les \u00e9tudes \u00e0 l&rsquo;Universit\u00e9 Catholique de Lublin ont commenc\u00e9"},"content":{"rendered":"<p><strong>Les inscriptions pour les \u00e9tudes \u00e0 temps plein \u00e0 l&rsquo;Universit\u00e9 Catholique de Lublin (KUL) ont commenc\u00e9. Pr\u00e8s de 50 domaines d\u2019\u00e9tudes sont propos\u00e9s, dont la nouveaut\u00e9 de cette ann\u00e9e &#8211; la profession de sage-femme.<\/strong><\/p>\n<p>\u00ab\u00a0La communaut\u00e9 de la connaissance &#8211; Ensemble vers la sagesse\u00a0\u00bb est le slogan de la campagne de recrutement de cette ann\u00e9e. Il s&rsquo;inscrit dans le caract\u00e8re de l&rsquo;Universit\u00e9 Catholique de Lublin, dont l&rsquo;un des objectifs est de fournir aux \u00e9tudiants des connaissances avec le sentiment qu&rsquo;ils sont un \u00e9l\u00e9ment important de la communaut\u00e9 universitaire. Il s&rsquo;agit d&rsquo;une \u00e9ducation li\u00e9e aux valeurs, dans l&rsquo;esprit de la connaissance, de la sagesse, de la v\u00e9rit\u00e9, de la tradition et de la modernit\u00e9\u00a0\u00bb, a d\u00e9clar\u00e9 Monika Stojowska, porte-parole de l&rsquo;Universit\u00e9 Catholique de Lublin.<\/p>\n<p>Le recrutement se fera jusqu&rsquo;au 8 juillet, et dans le cas des \u00e9tudes de second degr\u00e9 en anglais jusqu&rsquo;au 15 juillet. Apr\u00e8s le 21 juillet, le recrutement libre commencera. L&rsquo;offre d&rsquo;\u00e9tudes \u00e0 la KUL comprend pr\u00e8s de 50 facult\u00e9s. Les nouvelles formations sont les suivantes : sage-femme (\u00e9tudes \u00e0 temps plein, premier degr\u00e9) et di\u00e9t\u00e9tique \u00e0 la filiale de la ville de Stalowa Wola, o\u00f9 il est \u00e9galement pr\u00e9vu de lancer les \u00e9tudes familiales, l&rsquo;administration et la s\u00e9curit\u00e9 nationale (ces formations n&rsquo;ont pas encore \u00e9t\u00e9 r\u00e9pertori\u00e9es).<\/p>\n<p>Pour plus d\u2019informations :<\/p>\n<p><a href=\"http:\/\/kandydat.kul.pl\/\">http:\/\/kandydat.kul.pl\/<\/a><\/p>\n","protected":false},"excerpt":{"rendered":"<p>Les inscriptions pour les \u00e9tudes \u00e0 temps plein \u00e0 l&rsquo;Universit\u00e9 Catholique de Lublin (KUL) ont commenc\u00e9. Pr\u00e8s de 50 domaines d\u2019\u00e9tudes sont propos\u00e9s, dont la nouveaut\u00e9 de cette ann\u00e9e &#8211; la profession de sage-femme. \u00ab\u00a0La communaut\u00e9 de la connaissance &#8211; Ensemble vers la sagesse\u00a0\u00bb est le slogan de la campagne de recrutement de cette ann\u00e9e. [&hellip;]<\/p>\n","protected":false},"author":11,"featured_media":0,"comment_status":"closed","ping_status":"closed","sticky":false,"template":"","format":"standard","meta":[],"categories":[35],"tags":[],"_links":{"self":[{"href":"https:\/\/www.polishscience.pl\/fr\/wp-json\/wp\/v2\/posts\/177691"}],"collection":[{"href":"https:\/\/www.polishscience.pl\/fr\/wp-json\/wp\/v2\/posts"}],"about":[{"href":"https:\/\/www.polishscience.pl\/fr\/wp-json\/wp\/v2\/types\/post"}],"author":[{"embeddable":true,"href":"https:\/\/www.polishscience.pl\/fr\/wp-json\/wp\/v2\/users\/11"}],"replies":[{"embeddable":true,"href":"https:\/\/www.polishscience.pl\/fr\/wp-json\/wp\/v2\/comments?post=177691"}],"version-history":[{"count":0,"href":"https:\/\/www.polishscience.pl\/fr\/wp-json\/wp\/v2\/posts\/177691\/revisions"}],"wp:attachment":[{"href":"https:\/\/www.polishscience.pl\/fr\/wp-json\/wp\/v2\/media?parent=177691"}],"wp:term":[{"taxonomy":"category","embeddable":true,"href":"https:\/\/www.polishscience.pl\/fr\/wp-json\/wp\/v2\/categories?post=177691"},{"taxonomy":"post_tag","embeddable":true,"href":"https:\/\/www.polishscience.pl\/fr\/wp-json\/wp\/v2\/tags?post=177691"}],"curies":[{"name":"wp","href":"https:\/\/api.w.org\/{rel}","templated":true}]}}