{"id":177452,"date":"2021-05-06T14:00:01","date_gmt":"2021-05-06T12:00:01","guid":{"rendered":"https:\/\/polishscience.pl\/?p=177452"},"modified":"2021-05-06T14:26:17","modified_gmt":"2021-05-06T12:26:17","slug":"la-polytechnique-de-lodz-est-dans-un-projet-developpant-les-competences-numeriques-des-specialistes-de-la-construction","status":"publish","type":"post","link":"https:\/\/www.polishscience.pl\/fr\/la-polytechnique-de-lodz-est-dans-un-projet-developpant-les-competences-numeriques-des-specialistes-de-la-construction\/","title":{"rendered":"La Polytechnique de \u0141\u00f3d\u017a est dans un projet d\u00e9veloppant les comp\u00e9tences num\u00e9riques des sp\u00e9cialistes de la construction"},"content":{"rendered":"<p class=\"Standard\"><strong><span lang=\"EN-US\" style=\"font-family: 'Times New Roman',serif;\">La Polytechnique de \u0141\u00f3d\u017a, en collaboration avec des partenaires de France, d&rsquo;Allemagne, de Su\u00e8de et de Mac\u00e9doine du Nord, mettra en \u0153uvre un projet intitul\u00e9 \u00ab\u00a0Le renforcement des comp\u00e9tences num\u00e9riques des \u00e9tudiants et des enseignants des facult\u00e9s li\u00e9es \u00e0 la construction et l\u2019am\u00e9lioration des comp\u00e9tences num\u00e9riques des universit\u00e9s de l&rsquo;Union Europ\u00e9enne\u00a0\u00bb.<\/span><\/strong><\/p>\n<p class=\"Standard\"><span lang=\"EN-US\" style=\"font-family: 'Times New Roman',serif;\">La Commission Europ\u00e9enne a accord\u00e9 pr\u00e8s de 250 000 euros pour ce projet international. Les fonds pour ces activit\u00e9s proviennent du programme Erasmus +. Le projet prendra fin dans deux ans.<\/span><\/p>\n<p class=\"Standard\"><span lang=\"EN-US\" style=\"font-family: 'Times New Roman',serif;\">Le projet est ax\u00e9 sur le d\u00e9veloppement de comp\u00e9tences num\u00e9riques sp\u00e9cifiques aux futurs professionnels du secteur de la construction \u2013 les architectes, les concepteurs, les ing\u00e9nieurs, les constructeurs, entre autres &#8211; dans la cr\u00e9ation d&rsquo;un mod\u00e8le d&rsquo;information du b\u00e2timent (BIM) complet, c&rsquo;est-\u00e0-dire non seulement une documentation technique mais aussi un mod\u00e8le virtuel en trois dimensions, d\u00e9sormais appel\u00e9 \u00ab\u00a0jumeau num\u00e9rique\u00a0\u00bb. Le BIM fera partie int\u00e9grante des qualifications requises par les futurs employ\u00e9s du secteur de la construction\u00a0\u00bb, a d\u00e9clar\u00e9 le coordinateur du projet \u00e0 l&rsquo;universit\u00e9 de \u0141\u00f3d\u017a, le docteur ing\u00e9nieur en architecture Anetta K\u0119pczy\u0144ska-Walalewicz, professeur \u00e0 l&rsquo;Institut d&rsquo;Architecture et d&rsquo;Urbanisme.<\/span><\/p>\n","protected":false},"excerpt":{"rendered":"<p>La Polytechnique de \u0141\u00f3d\u017a, en collaboration avec des partenaires de France, d&rsquo;Allemagne, de Su\u00e8de et de Mac\u00e9doine du Nord, mettra en \u0153uvre un projet intitul\u00e9 \u00ab\u00a0Le renforcement des comp\u00e9tences num\u00e9riques des \u00e9tudiants et des enseignants des facult\u00e9s li\u00e9es \u00e0 la construction et l\u2019am\u00e9lioration des comp\u00e9tences num\u00e9riques des universit\u00e9s de l&rsquo;Union Europ\u00e9enne\u00a0\u00bb. La Commission Europ\u00e9enne a [&hellip;]<\/p>\n","protected":false},"author":11,"featured_media":0,"comment_status":"closed","ping_status":"closed","sticky":false,"template":"","format":"standard","meta":[],"categories":[35,34],"tags":[],"_links":{"self":[{"href":"https:\/\/www.polishscience.pl\/fr\/wp-json\/wp\/v2\/posts\/177452"}],"collection":[{"href":"https:\/\/www.polishscience.pl\/fr\/wp-json\/wp\/v2\/posts"}],"about":[{"href":"https:\/\/www.polishscience.pl\/fr\/wp-json\/wp\/v2\/types\/post"}],"author":[{"embeddable":true,"href":"https:\/\/www.polishscience.pl\/fr\/wp-json\/wp\/v2\/users\/11"}],"replies":[{"embeddable":true,"href":"https:\/\/www.polishscience.pl\/fr\/wp-json\/wp\/v2\/comments?post=177452"}],"version-history":[{"count":0,"href":"https:\/\/www.polishscience.pl\/fr\/wp-json\/wp\/v2\/posts\/177452\/revisions"}],"wp:attachment":[{"href":"https:\/\/www.polishscience.pl\/fr\/wp-json\/wp\/v2\/media?parent=177452"}],"wp:term":[{"taxonomy":"category","embeddable":true,"href":"https:\/\/www.polishscience.pl\/fr\/wp-json\/wp\/v2\/categories?post=177452"},{"taxonomy":"post_tag","embeddable":true,"href":"https:\/\/www.polishscience.pl\/fr\/wp-json\/wp\/v2\/tags?post=177452"}],"curies":[{"name":"wp","href":"https:\/\/api.w.org\/{rel}","templated":true}]}}