{"id":176870,"date":"2021-04-30T13:45:33","date_gmt":"2021-04-30T11:45:33","guid":{"rendered":"https:\/\/polishscience.pl\/?p=176870"},"modified":"2021-04-30T13:45:33","modified_gmt":"2021-04-30T11:45:33","slug":"les-accords-pro-ecologiques-de-la-polytechnique-de-kielce","status":"publish","type":"post","link":"https:\/\/www.polishscience.pl\/fr\/les-accords-pro-ecologiques-de-la-polytechnique-de-kielce\/","title":{"rendered":"Les accords pro-\u00e9cologiques de la Polytechnique de Kielce"},"content":{"rendered":"<p class=\"Standard\"><strong><span lang=\"EN-US\" style=\"font-family: 'Times New Roman',serif;\">La Polytechnique de Kielce a sign\u00e9 des accords avec l&rsquo;une des plus grandes entreprises dans le domaine du traitement des d\u00e9chets \u00e9lectriques, MB Recycling, et la Fondation Odzyskaj \u015arodowisko (R\u00e9cup\u00e9rer l\u2019environnement) au profit de l&rsquo;\u00e9cologie.<\/span><\/strong><\/p>\n<p class=\"Standard\"><span lang=\"EN-US\" style=\"font-family: 'Times New Roman',serif;\">Dans le cadre des accords conclus, les \u00e9tudiants auront la possibilit\u00e9 d&rsquo;effectuer des stages et des pratiques dans les usines de recyclage les plus modernes. En outre, les accords pr\u00e9voient des projets de recherche communs sur les processus de recyclage, des cours sp\u00e9cialis\u00e9s, la pr\u00e9paration d&rsquo;\u00e9v\u00e9nements communs et la promotion d&rsquo;attitudes pro-\u00e9cologiques. <\/span><\/p>\n<p class=\"Standard\"><span lang=\"EN-US\" style=\"font-family: 'Times New Roman',serif;\">En vertu de ces accords, d\u00e8s le mois de mai, des ruches fabriqu\u00e9es en partie \u00e0 partir de mat\u00e9riaux recycl\u00e9s seront install\u00e9es sur le toit de la Polytechnique de Kielce. Elles accueilleront des dizaines de milliers d&rsquo;abeilles d&rsquo;une race exceptionnellement douce provenant de Krain. <\/span><\/p>\n<p class=\"Standard\"><span lang=\"EN-US\" style=\"font-family: 'Times New Roman',serif;\">Outre les ruches rouges caract\u00e9ristiques, la Polytechnique disposera de panneaux d&rsquo;information consacr\u00e9s au recyclage des d\u00e9chets \u00e9lectriques, \u00e0 la n\u00e9cessit\u00e9 d&rsquo;une collecte s\u00e9lective des d\u00e9chets et \u00e0 la protection des abeilles &#8211; a annonc\u00e9 Krzysztof Kieszkowski de la Fondation Odzyskaj \u015arodowisko.<\/span><\/p>\n","protected":false},"excerpt":{"rendered":"<p>La Polytechnique de Kielce a sign\u00e9 des accords avec l&rsquo;une des plus grandes entreprises dans le domaine du traitement des d\u00e9chets \u00e9lectriques, MB Recycling, et la Fondation Odzyskaj \u015arodowisko (R\u00e9cup\u00e9rer l\u2019environnement) au profit de l&rsquo;\u00e9cologie. Dans le cadre des accords conclus, les \u00e9tudiants auront la possibilit\u00e9 d&rsquo;effectuer des stages et des pratiques dans les usines [&hellip;]<\/p>\n","protected":false},"author":11,"featured_media":0,"comment_status":"closed","ping_status":"closed","sticky":false,"template":"","format":"standard","meta":[],"categories":[35],"tags":[],"_links":{"self":[{"href":"https:\/\/www.polishscience.pl\/fr\/wp-json\/wp\/v2\/posts\/176870"}],"collection":[{"href":"https:\/\/www.polishscience.pl\/fr\/wp-json\/wp\/v2\/posts"}],"about":[{"href":"https:\/\/www.polishscience.pl\/fr\/wp-json\/wp\/v2\/types\/post"}],"author":[{"embeddable":true,"href":"https:\/\/www.polishscience.pl\/fr\/wp-json\/wp\/v2\/users\/11"}],"replies":[{"embeddable":true,"href":"https:\/\/www.polishscience.pl\/fr\/wp-json\/wp\/v2\/comments?post=176870"}],"version-history":[{"count":0,"href":"https:\/\/www.polishscience.pl\/fr\/wp-json\/wp\/v2\/posts\/176870\/revisions"}],"wp:attachment":[{"href":"https:\/\/www.polishscience.pl\/fr\/wp-json\/wp\/v2\/media?parent=176870"}],"wp:term":[{"taxonomy":"category","embeddable":true,"href":"https:\/\/www.polishscience.pl\/fr\/wp-json\/wp\/v2\/categories?post=176870"},{"taxonomy":"post_tag","embeddable":true,"href":"https:\/\/www.polishscience.pl\/fr\/wp-json\/wp\/v2\/tags?post=176870"}],"curies":[{"name":"wp","href":"https:\/\/api.w.org\/{rel}","templated":true}]}}