{"id":175849,"date":"2021-04-22T15:49:09","date_gmt":"2021-04-22T13:49:09","guid":{"rendered":"https:\/\/polishscience.pl\/?p=175849"},"modified":"2021-04-22T15:49:09","modified_gmt":"2021-04-22T13:49:09","slug":"la-classe-de-patronage-de-la-polytechnique-de-silesie-au-lycee-denseignement-general-de-la-ville-de-swietochlowice","status":"publish","type":"post","link":"https:\/\/www.polishscience.pl\/fr\/la-classe-de-patronage-de-la-polytechnique-de-silesie-au-lycee-denseignement-general-de-la-ville-de-swietochlowice\/","title":{"rendered":"La classe de patronage de la Polytechnique de Sil\u00e9sie au lyc\u00e9e d\u2019enseignement g\u00e9n\u00e9ral de la ville de \u015awi\u0119toch\u0142owice"},"content":{"rendered":"<p><strong>Gr\u00e2ce \u00e0 la coop\u00e9ration avec la Polytechnique de Sil\u00e9sie, le lyc\u00e9e d\u2019enseignement general avec deux langues \u00e9trang\u00e8res n\u00b0 1 \u00a0Jan Kochanowski \u00e0 \u015awi\u0119toch\u0142owice aura sa propre classe \u00e0 profil linguistique et technique. Cette classe pionni\u00e8re, qui dispose d\u00e9j\u00e0 d&rsquo;une classe d&rsquo;informatique professionnelle, est une r\u00e9ponse \u00e0 l&rsquo;int\u00e9r\u00eat croissant des \u00e9tudiants pour les fili\u00e8res techniques.<\/strong><\/p>\n<p>En plus de la nouvelle classe, qui commencera le 1er septembre 2021, la Polytechnique de Sil\u00e9sie permettra aux \u00e9l\u00e8ves de l&rsquo;\u00e9cole secondaire n\u00b0 1 de \u015awi\u0119toch\u0142owice de participer \u00e0 des classes acad\u00e9miques s\u00e9lectionn\u00e9es et soutiendra les enseignants de l&rsquo;\u00e9cole dans l&rsquo;am\u00e9lioration de leurs qualifications professionnelles. Ils pourront \u00e9galement compter sur un soutien substantiel des classes par des enseignants acad\u00e9miques.<\/p>\n<p>Les \u00e9tudiants de la Polytechnique de Sil\u00e9sie b\u00e9n\u00e9ficieront \u00e9galement de cette coop\u00e9ration, puisqu&rsquo;ils pourront effectuer leurs stages au lyc\u00e9e &#8211; peut-on lire sur le site de l&rsquo;universit\u00e9.<\/p>\n<p>En savoir plus : <a href=\"https:\/\/www.polsl.pl\/ps_aktualnosci\/pierwsza-na-slasku-klasa-o-profilu-politechniczno-lingwistycznym-powstanie-w-i-liceum-ogolnoksztalcacym-w-swietochlowicach-dzieki-wspolpracy-z-politechnika-slaska\/\">https:\/\/www.polsl.pl\/ps_aktualnosci\/pierwsza-na-slasku-klasa-o-profilu-politechniczno-lingwistycznym-powstanie-w-i-liceum-ogolnoksztalcacym-w-swietochlowicach-dzieki-wspolpracy-z-politechnika-slaska\/<\/a><\/p>\n","protected":false},"excerpt":{"rendered":"<p>Gr\u00e2ce \u00e0 la coop\u00e9ration avec la Polytechnique de Sil\u00e9sie, le lyc\u00e9e d\u2019enseignement general avec deux langues \u00e9trang\u00e8res n\u00b0 1 \u00a0Jan Kochanowski \u00e0 \u015awi\u0119toch\u0142owice aura sa propre classe \u00e0 profil linguistique et technique. Cette classe pionni\u00e8re, qui dispose d\u00e9j\u00e0 d&rsquo;une classe d&rsquo;informatique professionnelle, est une r\u00e9ponse \u00e0 l&rsquo;int\u00e9r\u00eat croissant des \u00e9tudiants pour les fili\u00e8res techniques. En [&hellip;]<\/p>\n","protected":false},"author":11,"featured_media":0,"comment_status":"closed","ping_status":"closed","sticky":false,"template":"","format":"standard","meta":[],"categories":[35],"tags":[],"_links":{"self":[{"href":"https:\/\/www.polishscience.pl\/fr\/wp-json\/wp\/v2\/posts\/175849"}],"collection":[{"href":"https:\/\/www.polishscience.pl\/fr\/wp-json\/wp\/v2\/posts"}],"about":[{"href":"https:\/\/www.polishscience.pl\/fr\/wp-json\/wp\/v2\/types\/post"}],"author":[{"embeddable":true,"href":"https:\/\/www.polishscience.pl\/fr\/wp-json\/wp\/v2\/users\/11"}],"replies":[{"embeddable":true,"href":"https:\/\/www.polishscience.pl\/fr\/wp-json\/wp\/v2\/comments?post=175849"}],"version-history":[{"count":0,"href":"https:\/\/www.polishscience.pl\/fr\/wp-json\/wp\/v2\/posts\/175849\/revisions"}],"wp:attachment":[{"href":"https:\/\/www.polishscience.pl\/fr\/wp-json\/wp\/v2\/media?parent=175849"}],"wp:term":[{"taxonomy":"category","embeddable":true,"href":"https:\/\/www.polishscience.pl\/fr\/wp-json\/wp\/v2\/categories?post=175849"},{"taxonomy":"post_tag","embeddable":true,"href":"https:\/\/www.polishscience.pl\/fr\/wp-json\/wp\/v2\/tags?post=175849"}],"curies":[{"name":"wp","href":"https:\/\/api.w.org\/{rel}","templated":true}]}}