{"id":175349,"date":"2021-04-19T13:30:33","date_gmt":"2021-04-19T11:30:33","guid":{"rendered":"https:\/\/polishscience.pl\/?p=175349"},"modified":"2021-04-19T13:30:33","modified_gmt":"2021-04-19T11:30:33","slug":"la-rencontre-internationale-avec-le-professeur-carmen-sandi","status":"publish","type":"post","link":"https:\/\/www.polishscience.pl\/fr\/la-rencontre-internationale-avec-le-professeur-carmen-sandi\/","title":{"rendered":"La rencontre internationale avec le professeur Carmen Sandi"},"content":{"rendered":"<p><strong>L&rsquo;organisation \u00e0 but non lucratif Women in Science at Nencki (WISaN), en collaboration avec le r\u00e9seau ALBA, \u00a0invite \u00e0 une rencontre internationale avec Carmen Sandi, professeur de neurosciences \u00e0 l&rsquo;\u00c9cole polytechnique f\u00e9d\u00e9rale de Lausanne, pr\u00e9sidente du r\u00e9seau ALBA et d\u00e9fenseur de l&rsquo;\u00e9galit\u00e9 et de la diversit\u00e9 dans les neurosciences, ancienne pr\u00e9sidente de la F\u00e9d\u00e9ration europ\u00e9enne des neurosciences (FENS).<\/strong><\/p>\n<p>L&rsquo;\u00e9v\u00e9nement, qui aura lieu le 20 avril 2021 \u00e0 13h00 sur la plate-forme Zoom, est plac\u00e9 sous le patronage du pr\u00e9sident de la Fondation pour la Science Polonaise, le professeur Maciej \u017bylicz.<\/p>\n<p>Women in Science at Nencki est une organisation \u00e0 but non lucratif qui \u0153uvre pour l&rsquo;\u00e9galit\u00e9, en soutenant les femmes et les autres groupes sous-repr\u00e9sent\u00e9s dans le domaine des sciences. Elle a \u00e9t\u00e9 fond\u00e9e par un groupe de chercheuses de l&rsquo;Institut de Biologie Exp\u00e9rimentale M. Nencki de l&rsquo;Acad\u00e9mie Polonaise des Sciences afin de lutter pour une pr\u00e9sence \u00e9gale des femmes dans les sciences, qui est l&rsquo;un des facteurs cl\u00e9s du progr\u00e8s social et \u00e9conomique.<\/p>\n<p>L\u2019inscription \u00e0 l&rsquo;\u00e9v\u00e9nement :<\/p>\n<p><a href=\"https:\/\/docs.google.com\/forms\/d\/e\/1FAIpQLSfls2SS5m8cG77cJBwHgLkTqDXKS15QsloFLpkRRZvrC0sh2Q\/viewform\">https:\/\/docs.google.com\/forms\/d\/e\/1FAIpQLSfls2SS5m8cG77cJBwHgLkTqDXKS15QsloFLpkRRZvrC0sh2Q\/viewform<\/a><\/p>\n","protected":false},"excerpt":{"rendered":"<p>L&rsquo;organisation \u00e0 but non lucratif Women in Science at Nencki (WISaN), en collaboration avec le r\u00e9seau ALBA, \u00a0invite \u00e0 une rencontre internationale avec Carmen Sandi, professeur de neurosciences \u00e0 l&rsquo;\u00c9cole polytechnique f\u00e9d\u00e9rale de Lausanne, pr\u00e9sidente du r\u00e9seau ALBA et d\u00e9fenseur de l&rsquo;\u00e9galit\u00e9 et de la diversit\u00e9 dans les neurosciences, ancienne pr\u00e9sidente de la F\u00e9d\u00e9ration europ\u00e9enne [&hellip;]<\/p>\n","protected":false},"author":11,"featured_media":0,"comment_status":"closed","ping_status":"closed","sticky":false,"template":"","format":"standard","meta":[],"categories":[41],"tags":[],"_links":{"self":[{"href":"https:\/\/www.polishscience.pl\/fr\/wp-json\/wp\/v2\/posts\/175349"}],"collection":[{"href":"https:\/\/www.polishscience.pl\/fr\/wp-json\/wp\/v2\/posts"}],"about":[{"href":"https:\/\/www.polishscience.pl\/fr\/wp-json\/wp\/v2\/types\/post"}],"author":[{"embeddable":true,"href":"https:\/\/www.polishscience.pl\/fr\/wp-json\/wp\/v2\/users\/11"}],"replies":[{"embeddable":true,"href":"https:\/\/www.polishscience.pl\/fr\/wp-json\/wp\/v2\/comments?post=175349"}],"version-history":[{"count":0,"href":"https:\/\/www.polishscience.pl\/fr\/wp-json\/wp\/v2\/posts\/175349\/revisions"}],"wp:attachment":[{"href":"https:\/\/www.polishscience.pl\/fr\/wp-json\/wp\/v2\/media?parent=175349"}],"wp:term":[{"taxonomy":"category","embeddable":true,"href":"https:\/\/www.polishscience.pl\/fr\/wp-json\/wp\/v2\/categories?post=175349"},{"taxonomy":"post_tag","embeddable":true,"href":"https:\/\/www.polishscience.pl\/fr\/wp-json\/wp\/v2\/tags?post=175349"}],"curies":[{"name":"wp","href":"https:\/\/api.w.org\/{rel}","templated":true}]}}