{"id":174716,"date":"2021-04-14T12:44:41","date_gmt":"2021-04-14T10:44:41","guid":{"rendered":"https:\/\/polishscience.pl\/?p=174716"},"modified":"2021-04-14T12:44:41","modified_gmt":"2021-04-14T10:44:41","slug":"des-chercheurs-de-rzeszow-travaillent-sur-un-dispositif-de-diagnostic-numerique-des-defauts-de-la-colonne-vertebrale","status":"publish","type":"post","link":"https:\/\/www.polishscience.pl\/fr\/des-chercheurs-de-rzeszow-travaillent-sur-un-dispositif-de-diagnostic-numerique-des-defauts-de-la-colonne-vertebrale\/","title":{"rendered":"Des chercheurs de Rzeszow travaillent sur un dispositif de diagnostic num\u00e9rique des d\u00e9fauts de la colonne vert\u00e9brale"},"content":{"rendered":"<p><strong>Une \u00e9quipe de scientifiques dirig\u00e9e par l\u2019ing\u00e9nieur Micha\u0142 Wro\u0144ski de la Polytechnique de Rzesz\u00f3w (PRz), travaille \u00e0 la cr\u00e9ation d&rsquo;un dispositif int\u00e9gr\u00e9 pour le diagnostic num\u00e9rique des d\u00e9fauts de la colonne vert\u00e9brale. Les travaux sur le prototype de l&rsquo;appareil de diagnostic ont lieu avec le soutien financier du Centre d&rsquo;Innovation des Basses-Carpates.<\/strong><\/p>\n<p>La pand\u00e9mie de COVID-19 a enferm\u00e9 de nombreux jeunes chez eux, les obligeant \u00e0 \u00e9tudier \u00e0 distance et \u00e0 passer de nombreuses heures en position assise. Les chercheurs de la Polytechnique de Rzesz\u00f3w ont d\u00e9cid\u00e9 de r\u00e9pondre aux probl\u00e8mes croissants de malformations de la colonne vert\u00e9brale chez les enfants et les adultes et se sont concentr\u00e9s sur le d\u00e9veloppement du projet intitul\u00e9 \u00ab\u00a0Les m\u00e9thodes num\u00e9riques d&rsquo;examen des malformations de la colonne vert\u00e9brale\u00a0\u00bb.<\/p>\n<p>La solution des scientifiques de Rzeszow offrira la possibilit\u00e9 d&rsquo;effectuer des diagnostics en d\u00e9placement et dans le cadre des activit\u00e9s quotidiennes.<\/p>\n<p>\u00c9tant moi-m\u00eame informaticien, je passe beaucoup de temps devant l&rsquo;ordinateur et je voulais d\u00e9couvrir comment la colonne vert\u00e9brale se comporte pendant ces activit\u00e9s, et montrer \u00e0 une personne int\u00e9ress\u00e9e \u00e0 quoi ressemble sa posture \u00e0 un moment donn\u00e9 sur une visualisation, en marquant les zones qui peuvent \u00eatre la cause de probl\u00e8mes ult\u00e9rieurs\u00a0\u00bb, explique l\u2019ing\u00e9nieur Micha\u0142 Wro\u0144ski.<\/p>\n","protected":false},"excerpt":{"rendered":"<p>Une \u00e9quipe de scientifiques dirig\u00e9e par l\u2019ing\u00e9nieur Micha\u0142 Wro\u0144ski de la Polytechnique de Rzesz\u00f3w (PRz), travaille \u00e0 la cr\u00e9ation d&rsquo;un dispositif int\u00e9gr\u00e9 pour le diagnostic num\u00e9rique des d\u00e9fauts de la colonne vert\u00e9brale. Les travaux sur le prototype de l&rsquo;appareil de diagnostic ont lieu avec le soutien financier du Centre d&rsquo;Innovation des Basses-Carpates. La pand\u00e9mie de [&hellip;]<\/p>\n","protected":false},"author":11,"featured_media":0,"comment_status":"closed","ping_status":"closed","sticky":false,"template":"","format":"standard","meta":[],"categories":[38,39],"tags":[],"_links":{"self":[{"href":"https:\/\/www.polishscience.pl\/fr\/wp-json\/wp\/v2\/posts\/174716"}],"collection":[{"href":"https:\/\/www.polishscience.pl\/fr\/wp-json\/wp\/v2\/posts"}],"about":[{"href":"https:\/\/www.polishscience.pl\/fr\/wp-json\/wp\/v2\/types\/post"}],"author":[{"embeddable":true,"href":"https:\/\/www.polishscience.pl\/fr\/wp-json\/wp\/v2\/users\/11"}],"replies":[{"embeddable":true,"href":"https:\/\/www.polishscience.pl\/fr\/wp-json\/wp\/v2\/comments?post=174716"}],"version-history":[{"count":0,"href":"https:\/\/www.polishscience.pl\/fr\/wp-json\/wp\/v2\/posts\/174716\/revisions"}],"wp:attachment":[{"href":"https:\/\/www.polishscience.pl\/fr\/wp-json\/wp\/v2\/media?parent=174716"}],"wp:term":[{"taxonomy":"category","embeddable":true,"href":"https:\/\/www.polishscience.pl\/fr\/wp-json\/wp\/v2\/categories?post=174716"},{"taxonomy":"post_tag","embeddable":true,"href":"https:\/\/www.polishscience.pl\/fr\/wp-json\/wp\/v2\/tags?post=174716"}],"curies":[{"name":"wp","href":"https:\/\/api.w.org\/{rel}","templated":true}]}}