{"id":174553,"date":"2021-04-13T16:36:14","date_gmt":"2021-04-13T14:36:14","guid":{"rendered":"https:\/\/polishscience.pl\/?p=174553"},"modified":"2021-04-13T16:36:14","modified_gmt":"2021-04-13T14:36:14","slug":"la-conference-la-pologne-dans-le-monde-la-reconstruction","status":"publish","type":"post","link":"https:\/\/www.polishscience.pl\/fr\/la-conference-la-pologne-dans-le-monde-la-reconstruction\/","title":{"rendered":"La conf\u00e9rence \u00ab\u00a0La Pologne dans le monde. La reconstruction\u00a0\u00bb"},"content":{"rendered":"<p class=\"Standard\"><strong><span lang=\"EN-US\" style=\"font-family: 'Times New Roman',serif;\">La Conf\u00e9rence des Ambassadeurs de la R\u00e9publique de Pologne et l&rsquo;Institut pour le Proche et l&rsquo;Extr\u00eame-Orient de l&rsquo;Universit\u00e9 Jagellonne (UJ) de Cracovie invitent \u00e0 une conf\u00e9rence en ligne sur la politique \u00e9trang\u00e8re polonaise, la nouvelle vision de la Pologne dans le monde et les d\u00e9fis auxquels est confront\u00e9e la diplomatie polonaise reconstruite.<\/span><\/strong><\/p>\n<p class=\"Standard\"><span lang=\"EN-US\" style=\"font-family: 'Times New Roman',serif;\">Le d\u00e9bat sera l&rsquo;occasion d&rsquo;un \u00e9change de vues substantiel et d&rsquo;une r\u00e9flexion \u00e9tatique et politique sur la place de la Pologne dans un monde en mutation et sur l&rsquo;avenir de la diplomatie polonaise\u00a0\u00bb, indiquent les organisateurs.<\/span><\/p>\n<p class=\"Standard\"><span lang=\"EN-US\" style=\"font-family: 'Times New Roman',serif;\">Au cours de l&rsquo;\u00e9v\u00e9nement, qui aura lieu le 20 avril 2021 \u00e0 20h30, les anciens ministres des affaires \u00e9trang\u00e8res discuteront : Andrzej Olechowski, W\u0142odzimierz Cimoszewicz, Rados\u0142aw Sikorski. Les anciens pr\u00e9sidents de la Pologne : Aleksander Kwa\u015bniewski et Bronis\u0142aw Komorowski seront les invit\u00e9s sp\u00e9ciaux. <\/span><\/p>\n<p class=\"Standard\"><span lang=\"EN-US\" style=\"font-family: 'Times New Roman',serif;\">Des repr\u00e9sentants de partis, cercles et mouvements politiques participeront \u00e9galement au d\u00e9bat : La Coalition Civique, la Coalition Pologne, la Gauche et la Pologne 2050.<\/span><\/p>\n<p class=\"Standard\"><span lang=\"EN-US\" style=\"font-family: 'Times New Roman',serif;\">Pour plus d\u2019informations : <\/span><\/p>\n<p class=\"Standard\"><span lang=\"EN-US\" style=\"font-family: 'Times New Roman',serif;\"><a href=\"https:\/\/www.facebook.com\/events\/135636251846819\/\">https:\/\/www.facebook.com\/events\/135636251846819\/<\/a><\/span><\/p>\n","protected":false},"excerpt":{"rendered":"<p>La Conf\u00e9rence des Ambassadeurs de la R\u00e9publique de Pologne et l&rsquo;Institut pour le Proche et l&rsquo;Extr\u00eame-Orient de l&rsquo;Universit\u00e9 Jagellonne (UJ) de Cracovie invitent \u00e0 une conf\u00e9rence en ligne sur la politique \u00e9trang\u00e8re polonaise, la nouvelle vision de la Pologne dans le monde et les d\u00e9fis auxquels est confront\u00e9e la diplomatie polonaise reconstruite. Le d\u00e9bat sera [&hellip;]<\/p>\n","protected":false},"author":11,"featured_media":0,"comment_status":"closed","ping_status":"closed","sticky":false,"template":"","format":"standard","meta":[],"categories":[41],"tags":[],"_links":{"self":[{"href":"https:\/\/www.polishscience.pl\/fr\/wp-json\/wp\/v2\/posts\/174553"}],"collection":[{"href":"https:\/\/www.polishscience.pl\/fr\/wp-json\/wp\/v2\/posts"}],"about":[{"href":"https:\/\/www.polishscience.pl\/fr\/wp-json\/wp\/v2\/types\/post"}],"author":[{"embeddable":true,"href":"https:\/\/www.polishscience.pl\/fr\/wp-json\/wp\/v2\/users\/11"}],"replies":[{"embeddable":true,"href":"https:\/\/www.polishscience.pl\/fr\/wp-json\/wp\/v2\/comments?post=174553"}],"version-history":[{"count":0,"href":"https:\/\/www.polishscience.pl\/fr\/wp-json\/wp\/v2\/posts\/174553\/revisions"}],"wp:attachment":[{"href":"https:\/\/www.polishscience.pl\/fr\/wp-json\/wp\/v2\/media?parent=174553"}],"wp:term":[{"taxonomy":"category","embeddable":true,"href":"https:\/\/www.polishscience.pl\/fr\/wp-json\/wp\/v2\/categories?post=174553"},{"taxonomy":"post_tag","embeddable":true,"href":"https:\/\/www.polishscience.pl\/fr\/wp-json\/wp\/v2\/tags?post=174553"}],"curies":[{"name":"wp","href":"https:\/\/api.w.org\/{rel}","templated":true}]}}