{"id":174309,"date":"2021-04-12T13:49:22","date_gmt":"2021-04-12T11:49:22","guid":{"rendered":"https:\/\/polishscience.pl\/?p=174309"},"modified":"2021-04-12T13:49:22","modified_gmt":"2021-04-12T11:49:22","slug":"luniversite-catholique-de-lublin-soutient-la-lutte-contre-la-depression","status":"publish","type":"post","link":"https:\/\/www.polishscience.pl\/fr\/luniversite-catholique-de-lublin-soutient-la-lutte-contre-la-depression\/","title":{"rendered":"L&rsquo;Universit\u00e9 Catholique de Lublin soutient la lutte contre la depression"},"content":{"rendered":"<p class=\"Standard\"><strong><span lang=\"EN-US\" style=\"font-family: 'Times New Roman',serif;\">Les \u00e9tudiants de l&rsquo;Universit\u00e9 Catholique de Lublin (KUL) ont lanc\u00e9 une campagne sociale nationale contre la d\u00e9pression.<\/span><\/strong><\/p>\n<p class=\"Standard\"><span lang=\"EN-US\" style=\"font-family: 'Times New Roman',serif;\">Entre autres, une s\u00e9rie de films destin\u00e9s aux jeunes, aux enseignants et aux parents a \u00e9t\u00e9 pr\u00e9par\u00e9e. Leur objectif est d&rsquo;attirer l&rsquo;attention sur cette maladie, d&rsquo;expliquer comment la pr\u00e9venir et comment aider les personnes qui en souffrent. L&rsquo;action est men\u00e9e dans le cadre de la Journ\u00e9e mondiale de la sant\u00e9.<\/span><\/p>\n<p class=\"Standard\"><span lang=\"EN-US\" style=\"font-family: 'Times New Roman',serif;\">La KUL rappelle que chaque jour, en Pologne, des millions de personnes portent des masques, se d\u00e9sinfectent les mains et gardent une distance sociale pour \u00e9viter l&rsquo;infection par le COVID. Dans l&rsquo;ombre de la menace du coronavirus, de plus en plus d&rsquo;enfants et d&rsquo;adolescents sont aux prises avec des troubles d\u00e9pressifs. <\/span><\/p>\n<p class=\"Standard\"><span lang=\"EN-US\" style=\"font-family: 'Times New Roman',serif;\">Nous parlons de d\u00e9pression lorsque nous cessons d&rsquo;\u00eatre heureux pour des choses qui nous procuraient auparavant du plaisir &#8211; souligne une experte de l&rsquo;Universit\u00e9 Catholique de Lublin, une psychologue sp\u00e9cialis\u00e9e dans le travail avec les enfants et les jeunes, le docteur Natalia Kajka.<\/span><\/p>\n<p class=\"Standard\"><span lang=\"EN-US\" style=\"font-family: 'Times New Roman',serif;\">Dans le cadre de cette action, le site web https:\/\/www.poproszeusmiech.pl a \u00e9t\u00e9 cr\u00e9\u00e9, o\u00f9 les informations les plus importantes et le test de l&rsquo;inventaire des d\u00e9pressions ont \u00e9t\u00e9 plac\u00e9s. Gr\u00e2ce \u00e0 elle, chaque personne peut \u00e9valuer initialement l&rsquo;\u00e9tat de sa sant\u00e9 mentale.<\/span><\/p>\n","protected":false},"excerpt":{"rendered":"<p>Les \u00e9tudiants de l&rsquo;Universit\u00e9 Catholique de Lublin (KUL) ont lanc\u00e9 une campagne sociale nationale contre la d\u00e9pression. Entre autres, une s\u00e9rie de films destin\u00e9s aux jeunes, aux enseignants et aux parents a \u00e9t\u00e9 pr\u00e9par\u00e9e. Leur objectif est d&rsquo;attirer l&rsquo;attention sur cette maladie, d&rsquo;expliquer comment la pr\u00e9venir et comment aider les personnes qui en souffrent. L&rsquo;action [&hellip;]<\/p>\n","protected":false},"author":11,"featured_media":0,"comment_status":"closed","ping_status":"closed","sticky":false,"template":"","format":"standard","meta":[],"categories":[35,39],"tags":[],"_links":{"self":[{"href":"https:\/\/www.polishscience.pl\/fr\/wp-json\/wp\/v2\/posts\/174309"}],"collection":[{"href":"https:\/\/www.polishscience.pl\/fr\/wp-json\/wp\/v2\/posts"}],"about":[{"href":"https:\/\/www.polishscience.pl\/fr\/wp-json\/wp\/v2\/types\/post"}],"author":[{"embeddable":true,"href":"https:\/\/www.polishscience.pl\/fr\/wp-json\/wp\/v2\/users\/11"}],"replies":[{"embeddable":true,"href":"https:\/\/www.polishscience.pl\/fr\/wp-json\/wp\/v2\/comments?post=174309"}],"version-history":[{"count":0,"href":"https:\/\/www.polishscience.pl\/fr\/wp-json\/wp\/v2\/posts\/174309\/revisions"}],"wp:attachment":[{"href":"https:\/\/www.polishscience.pl\/fr\/wp-json\/wp\/v2\/media?parent=174309"}],"wp:term":[{"taxonomy":"category","embeddable":true,"href":"https:\/\/www.polishscience.pl\/fr\/wp-json\/wp\/v2\/categories?post=174309"},{"taxonomy":"post_tag","embeddable":true,"href":"https:\/\/www.polishscience.pl\/fr\/wp-json\/wp\/v2\/tags?post=174309"}],"curies":[{"name":"wp","href":"https:\/\/api.w.org\/{rel}","templated":true}]}}