{"id":174093,"date":"2021-04-09T13:31:46","date_gmt":"2021-04-09T11:31:46","guid":{"rendered":"https:\/\/polishscience.pl\/?p=174093"},"modified":"2021-04-09T13:31:46","modified_gmt":"2021-04-09T11:31:46","slug":"le-travail-sur-le-programme-national-copernicien-se-poursuit","status":"publish","type":"post","link":"https:\/\/www.polishscience.pl\/fr\/le-travail-sur-le-programme-national-copernicien-se-poursuit\/","title":{"rendered":"Le travail sur le programme national copernicien se poursuit"},"content":{"rendered":"<p class=\"Standard\"><strong><span lang=\"EN-US\" style=\"font-family: 'Times New Roman',serif;\">Le Minist\u00e8re de l&rsquo;\u00c9ducation et des Sciences travaille sur un projet de loi sur le programme national copernicien. Il fait partie du programme Nouvel Ordre qui sera annonc\u00e9 par le gouvernement polonais.<\/span><\/strong><\/p>\n<p class=\"Standard\"><span lang=\"EN-US\" style=\"font-family: 'Times New Roman',serif;\">L&rsquo;ann\u00e9e 2023 marque le 550e anniversaire de la naissance de Nicolas Copernic, et l&rsquo;ann\u00e9e 2043. &#8211; 500e anniversaire de sa mort. Ces vingt ann\u00e9es ont marqu\u00e9 la perspective temporelle d&rsquo;un grand projet national visant \u00e0 rattacher la science polonaise aux grands centres scientifiques. L&rsquo;id\u00e9e ma\u00eetresse est de cr\u00e9er un r\u00e9seau d&rsquo;institutions scientifiques efficaces &#8211; indique le pr\u00e9ambule du projet de loi.<\/span><\/p>\n<p class=\"Standard\"><span lang=\"EN-US\" style=\"font-family: 'Times New Roman',serif;\">Le projet de loi pr\u00e9voit la cr\u00e9ation de l&rsquo;Acad\u00e9mie Internationale de Copernic, qui supervisera la mise en \u0153uvre du programme copernicien. Il s&rsquo;occupera, entre autres, de l&rsquo;octroi de prix et de bourses, du soutien aux jeunes scientifiques et de la coop\u00e9ration avec les institutions de recherche en Pologne et \u00e0 l&rsquo;\u00e9tranger. La nouvelle acad\u00e9mie doit permettre \u00e0 nos institutions scientifiques d&rsquo;\u00e9galer les meilleures du monde d&rsquo;ici 20 ans.<\/span><\/p>\n","protected":false},"excerpt":{"rendered":"<p>Le Minist\u00e8re de l&rsquo;\u00c9ducation et des Sciences travaille sur un projet de loi sur le programme national copernicien. Il fait partie du programme Nouvel Ordre qui sera annonc\u00e9 par le gouvernement polonais. L&rsquo;ann\u00e9e 2023 marque le 550e anniversaire de la naissance de Nicolas Copernic, et l&rsquo;ann\u00e9e 2043. &#8211; 500e anniversaire de sa mort. Ces vingt [&hellip;]<\/p>\n","protected":false},"author":11,"featured_media":0,"comment_status":"closed","ping_status":"closed","sticky":false,"template":"","format":"standard","meta":[],"categories":[41],"tags":[],"_links":{"self":[{"href":"https:\/\/www.polishscience.pl\/fr\/wp-json\/wp\/v2\/posts\/174093"}],"collection":[{"href":"https:\/\/www.polishscience.pl\/fr\/wp-json\/wp\/v2\/posts"}],"about":[{"href":"https:\/\/www.polishscience.pl\/fr\/wp-json\/wp\/v2\/types\/post"}],"author":[{"embeddable":true,"href":"https:\/\/www.polishscience.pl\/fr\/wp-json\/wp\/v2\/users\/11"}],"replies":[{"embeddable":true,"href":"https:\/\/www.polishscience.pl\/fr\/wp-json\/wp\/v2\/comments?post=174093"}],"version-history":[{"count":0,"href":"https:\/\/www.polishscience.pl\/fr\/wp-json\/wp\/v2\/posts\/174093\/revisions"}],"wp:attachment":[{"href":"https:\/\/www.polishscience.pl\/fr\/wp-json\/wp\/v2\/media?parent=174093"}],"wp:term":[{"taxonomy":"category","embeddable":true,"href":"https:\/\/www.polishscience.pl\/fr\/wp-json\/wp\/v2\/categories?post=174093"},{"taxonomy":"post_tag","embeddable":true,"href":"https:\/\/www.polishscience.pl\/fr\/wp-json\/wp\/v2\/tags?post=174093"}],"curies":[{"name":"wp","href":"https:\/\/api.w.org\/{rel}","templated":true}]}}