{"id":173677,"date":"2021-04-07T12:42:02","date_gmt":"2021-04-07T10:42:02","guid":{"rendered":"https:\/\/polishscience.pl\/?p=173677"},"modified":"2021-04-07T12:42:02","modified_gmt":"2021-04-07T10:42:02","slug":"le-festival-de-la-langue-allemande-a-rzeszow","status":"publish","type":"post","link":"https:\/\/www.polishscience.pl\/fr\/le-festival-de-la-langue-allemande-a-rzeszow\/","title":{"rendered":"Le Festival de la Langue Allemande \u00e0 Rzesz\u00f3w"},"content":{"rendered":"<p><strong>Du 15 au 29 avril 2021, le D\u00e9partement d&rsquo;\u00c9tudes Allemandes de l&rsquo;Universit\u00e9 de Rzesz\u00f3w\u00a0 invite au Festival de la Langue Allemande, qui se d\u00e9roulera \u00e0 distance.<\/strong><\/p>\n<p>Dans le cadre du festival, des concours destin\u00e9s aux lyc\u00e9ens des r\u00e9gions des Basses Carpates et de la Petite Pologne ont \u00e9t\u00e9 pr\u00e9vus : un concours de r\u00e9citation &#8211; interpr\u00e9tation du po\u00e8me \u00ab\u00a0Die polyglotte Katze\u00a0\u00bb de Heinz Erhardt ; un concours artistique &#8211; poster ou collage, \u00ab\u00a0Deutschland mag ich\u00a0\u00bb, \u00ab\u00a0\u00d6sterreich mag ich\u00a0\u00bb, \u00ab\u00a0Die Schweiz mag ich\u00a0\u00bb. Le concours artistique &#8211; poster ou collage \u00ab\u00a0Deutschland mag ich\u00a0\u00bb, \u00ab\u00a0\u00d6sterreich mag ich\u00a0\u00bb, \u00ab\u00a0Die Schweiz mag ich\u00a0\u00bb (sujet au choix) concernant les pays germanophones et le concours \u00ab\u00a0Mes Basses Carpates &#8211; Mein Karpatenvorland\u00a0\u00bb &#8211; pr\u00e9sentation power point en allemand.<\/p>\n<p>Les organisateurs ont \u00e9galement pr\u00e9vu des concours pour les \u00e9tudiants en philologie allemande des vo\u00efvodies des Basses Carpates et de la Petite Pologne. Il s&rsquo;agira d&rsquo;un concours de connaissances sur les pays germanophones &#8211; un test \u00e0 distance, et d&rsquo;un concours linguistique pour les \u00e9tudiants &#8211; \u00ab\u00a0K\u00f6rperteile in idiomatischen Wendungen\u00a0\u00bb. &#8211; un test \u00e0 distance.<\/p>\n<p>En outre, le festival comprendra un certain nombre de pr\u00e9sentations, de conf\u00e9rences et de films int\u00e9ressants, qui seront syst\u00e9matiquement publi\u00e9s sur la fanpage du D\u00e9partement d&rsquo;\u00c9tudes Allemandes :<\/p>\n<p><a href=\"https:\/\/www.facebook.com\/katedragermanistyki.ur.9\">https:\/\/www.facebook.com\/katedragermanistyki.ur.9<\/a><\/p>\n","protected":false},"excerpt":{"rendered":"<p>Du 15 au 29 avril 2021, le D\u00e9partement d&rsquo;\u00c9tudes Allemandes de l&rsquo;Universit\u00e9 de Rzesz\u00f3w\u00a0 invite au Festival de la Langue Allemande, qui se d\u00e9roulera \u00e0 distance. Dans le cadre du festival, des concours destin\u00e9s aux lyc\u00e9ens des r\u00e9gions des Basses Carpates et de la Petite Pologne ont \u00e9t\u00e9 pr\u00e9vus : un concours de r\u00e9citation &#8211; [&hellip;]<\/p>\n","protected":false},"author":11,"featured_media":0,"comment_status":"closed","ping_status":"closed","sticky":false,"template":"","format":"standard","meta":[],"categories":[41,37],"tags":[],"_links":{"self":[{"href":"https:\/\/www.polishscience.pl\/fr\/wp-json\/wp\/v2\/posts\/173677"}],"collection":[{"href":"https:\/\/www.polishscience.pl\/fr\/wp-json\/wp\/v2\/posts"}],"about":[{"href":"https:\/\/www.polishscience.pl\/fr\/wp-json\/wp\/v2\/types\/post"}],"author":[{"embeddable":true,"href":"https:\/\/www.polishscience.pl\/fr\/wp-json\/wp\/v2\/users\/11"}],"replies":[{"embeddable":true,"href":"https:\/\/www.polishscience.pl\/fr\/wp-json\/wp\/v2\/comments?post=173677"}],"version-history":[{"count":0,"href":"https:\/\/www.polishscience.pl\/fr\/wp-json\/wp\/v2\/posts\/173677\/revisions"}],"wp:attachment":[{"href":"https:\/\/www.polishscience.pl\/fr\/wp-json\/wp\/v2\/media?parent=173677"}],"wp:term":[{"taxonomy":"category","embeddable":true,"href":"https:\/\/www.polishscience.pl\/fr\/wp-json\/wp\/v2\/categories?post=173677"},{"taxonomy":"post_tag","embeddable":true,"href":"https:\/\/www.polishscience.pl\/fr\/wp-json\/wp\/v2\/tags?post=173677"}],"curies":[{"name":"wp","href":"https:\/\/api.w.org\/{rel}","templated":true}]}}