{"id":169161,"date":"2021-03-01T15:13:29","date_gmt":"2021-03-01T14:13:29","guid":{"rendered":"https:\/\/polishscience.pl\/?p=169161"},"modified":"2021-03-01T17:16:09","modified_gmt":"2021-03-01T16:16:09","slug":"la-fondation-du-centre-polonais-de-developpement-technologique-a-etabli-une-cooperation-avec-la-societe-osram","status":"publish","type":"post","link":"https:\/\/www.polishscience.pl\/fr\/la-fondation-du-centre-polonais-de-developpement-technologique-a-etabli-une-cooperation-avec-la-societe-osram\/","title":{"rendered":"La Fondation du Centre Polonais de D\u00e9veloppement Technologique a \u00e9tabli une coop\u00e9ration avec la soci\u00e9t\u00e9 OSRAM"},"content":{"rendered":"<p class=\"Standard\"><span lang=\"EN-US\" style=\"font-family: 'Times New Roman',serif;\"><strong>La Fondation PORT a \u00e9tabli un partenariat avec la soci\u00e9t\u00e9 OSRAM, qui permettra dans l\u2019enceinte du campus \u0141ukasiewicz du Centre Polonais pour le D\u00e9veloppement Technologique de cr\u00e9er un laboratoire \u00e9ducatif moderne de micro\u00e9lectronique et de photonique afin de populariser ces branches scientifiques aupr\u00e8s du grand public.<\/strong> <\/span><\/p>\n<p class=\"Standard\"><span lang=\"EN-US\" style=\"font-family: 'Times New Roman',serif;\">Les cours et les ateliers qui y seront organis\u00e9s s&rsquo;adresseront principalement aux jeunes : \u00e9tudiants, doctorants, jeunes et enfants. Des experts du R\u00e9seau de Recherche \u0141ukasiewicz &#8211; PORT seront impliqu\u00e9s dans leur mise en \u0153uvre. <\/span><\/p>\n<p class=\"Standard\"><span lang=\"EN-US\" style=\"font-family: 'Times New Roman',serif;\">&#8211; L&rsquo;un des objectifs statutaires de la Fondation PORT est de mener des activit\u00e9s scientifiques, \u00e9ducatives et promotionnelles dans le domaine des entreprises de recherche et de d\u00e9veloppement, ainsi que de d\u00e9velopper les talents et les comp\u00e9tences des enfants, des jeunes et des \u00e9tudiants \u2013 a d\u00e9clar\u00e9 le professeur Detlef Hommel, pr\u00e9sident du conseil d&rsquo;administration de la Fondation PORT, cit\u00e9 sur le site web du Centre.<\/span><\/p>\n<p class=\"Standard\"><span lang=\"EN-US\" style=\"font-family: 'Times New Roman',serif;\">Le projet r\u00e9alis\u00e9 par OSRAM en collaboration avec la Fondation PORT fait partie des activit\u00e9s de l&rsquo;entreprise dans le cadre du programme Projets importants d&rsquo;int\u00e9r\u00eat europ\u00e9en commun.<\/span><\/p>\n","protected":false},"excerpt":{"rendered":"<p>La Fondation PORT a \u00e9tabli un partenariat avec la soci\u00e9t\u00e9 OSRAM, qui permettra dans l\u2019enceinte du campus \u0141ukasiewicz du Centre Polonais pour le D\u00e9veloppement Technologique de cr\u00e9er un laboratoire \u00e9ducatif moderne de micro\u00e9lectronique et de photonique afin de populariser ces branches scientifiques aupr\u00e8s du grand public. Les cours et les ateliers qui y seront organis\u00e9s [&hellip;]<\/p>\n","protected":false},"author":11,"featured_media":0,"comment_status":"closed","ping_status":"closed","sticky":false,"template":"","format":"standard","meta":[],"categories":[41],"tags":[],"_links":{"self":[{"href":"https:\/\/www.polishscience.pl\/fr\/wp-json\/wp\/v2\/posts\/169161"}],"collection":[{"href":"https:\/\/www.polishscience.pl\/fr\/wp-json\/wp\/v2\/posts"}],"about":[{"href":"https:\/\/www.polishscience.pl\/fr\/wp-json\/wp\/v2\/types\/post"}],"author":[{"embeddable":true,"href":"https:\/\/www.polishscience.pl\/fr\/wp-json\/wp\/v2\/users\/11"}],"replies":[{"embeddable":true,"href":"https:\/\/www.polishscience.pl\/fr\/wp-json\/wp\/v2\/comments?post=169161"}],"version-history":[{"count":0,"href":"https:\/\/www.polishscience.pl\/fr\/wp-json\/wp\/v2\/posts\/169161\/revisions"}],"wp:attachment":[{"href":"https:\/\/www.polishscience.pl\/fr\/wp-json\/wp\/v2\/media?parent=169161"}],"wp:term":[{"taxonomy":"category","embeddable":true,"href":"https:\/\/www.polishscience.pl\/fr\/wp-json\/wp\/v2\/categories?post=169161"},{"taxonomy":"post_tag","embeddable":true,"href":"https:\/\/www.polishscience.pl\/fr\/wp-json\/wp\/v2\/tags?post=169161"}],"curies":[{"name":"wp","href":"https:\/\/api.w.org\/{rel}","templated":true}]}}