{"id":168594,"date":"2021-02-24T11:44:53","date_gmt":"2021-02-24T10:44:53","guid":{"rendered":"https:\/\/polishscience.pl\/?p=168594"},"modified":"2021-02-24T12:45:08","modified_gmt":"2021-02-24T11:45:08","slug":"le-professeur-grzegorz-wrochna-est-president-de-lagence-spatiale-polonaise","status":"publish","type":"post","link":"https:\/\/www.polishscience.pl\/fr\/le-professeur-grzegorz-wrochna-est-president-de-lagence-spatiale-polonaise\/","title":{"rendered":"Le professeur Grzegorz Wrochna est pr\u00e9sident de l&rsquo;Agence Spatiale Polonaise"},"content":{"rendered":"<p class=\"Standard\"><strong><span lang=\"EN-US\" style=\"font-family: 'Times New Roman',serif;\">L&rsquo;ancien vice-ministre des Sciences et de l&rsquo;Enseignement Sup\u00e9rieur, le professeur Grzegorz Wrochna, a \u00e9t\u00e9 nomm\u00e9 par le vice-premier ministre, Ministre du D\u00e9veloppement, du Travail et de la Technologie Jaros\u0142aw Gowin, pr\u00e9sident de l&rsquo;Agence Spatiale Polonaise (POLSA).<\/span><\/strong><\/p>\n<p class=\"Standard\"><span lang=\"EN-US\" style=\"font-family: 'Times New Roman',serif;\">Entre 1986 et 1991, le professeur Wrochna a travaill\u00e9 \u00e0 la Facult\u00e9 de Physique de l&rsquo;Universit\u00e9 de Varsovie, il a coop\u00e9r\u00e9 avec les centres DESY \u00e0 Hambourg et le CERN \u00e0 Gen\u00e8ve. De 1991 \u00e0 1998 au CERN, il a particip\u00e9 \u00e0 la conception et \u00e0 la construction de l&rsquo;exp\u00e9rience CMS au LHC, le grand collisionneur de hadrons.<\/span><\/p>\n<p class=\"Standard\"><span lang=\"EN-US\" style=\"font-family: 'Times New Roman',serif;\">Il est \u00e0 l&rsquo;origine de la cr\u00e9ation du Centre National de la Recherche Nucl\u00e9aire en 2011 et en a \u00e9t\u00e9 le directeur jusqu&rsquo;en 2015. Il a repr\u00e9sent\u00e9 la Pologne dans les comit\u00e9s du programme EURATOM, les comit\u00e9s de l&rsquo;Agence pour l&rsquo;\u00e9nergie nucl\u00e9aire de l&rsquo;OCDE, le conseil de surveillance du Centre Commun de Recherche de l&rsquo;UE (\u00e0 partir de 2019). En 2017-2018, il a \u00e9t\u00e9 le pr\u00e9sident du Comit\u00e9 de politique scientifique.<\/span><\/p>\n<p class=\"Standard\"><span lang=\"EN-US\" style=\"font-family: 'Times New Roman',serif;\">En 2019-2020, il a \u00e9t\u00e9 sous-secr\u00e9taire d&rsquo;\u00c9tat au Minist\u00e8re des Sciences et de l&rsquo;Enseignement Sup\u00e9rieur.<\/span><\/p>\n","protected":false},"excerpt":{"rendered":"<p>L&rsquo;ancien vice-ministre des Sciences et de l&rsquo;Enseignement Sup\u00e9rieur, le professeur Grzegorz Wrochna, a \u00e9t\u00e9 nomm\u00e9 par le vice-premier ministre, Ministre du D\u00e9veloppement, du Travail et de la Technologie Jaros\u0142aw Gowin, pr\u00e9sident de l&rsquo;Agence Spatiale Polonaise (POLSA). Entre 1986 et 1991, le professeur Wrochna a travaill\u00e9 \u00e0 la Facult\u00e9 de Physique de l&rsquo;Universit\u00e9 de Varsovie, il [&hellip;]<\/p>\n","protected":false},"author":11,"featured_media":0,"comment_status":"closed","ping_status":"closed","sticky":false,"template":"","format":"standard","meta":[],"categories":[41],"tags":[],"_links":{"self":[{"href":"https:\/\/www.polishscience.pl\/fr\/wp-json\/wp\/v2\/posts\/168594"}],"collection":[{"href":"https:\/\/www.polishscience.pl\/fr\/wp-json\/wp\/v2\/posts"}],"about":[{"href":"https:\/\/www.polishscience.pl\/fr\/wp-json\/wp\/v2\/types\/post"}],"author":[{"embeddable":true,"href":"https:\/\/www.polishscience.pl\/fr\/wp-json\/wp\/v2\/users\/11"}],"replies":[{"embeddable":true,"href":"https:\/\/www.polishscience.pl\/fr\/wp-json\/wp\/v2\/comments?post=168594"}],"version-history":[{"count":0,"href":"https:\/\/www.polishscience.pl\/fr\/wp-json\/wp\/v2\/posts\/168594\/revisions"}],"wp:attachment":[{"href":"https:\/\/www.polishscience.pl\/fr\/wp-json\/wp\/v2\/media?parent=168594"}],"wp:term":[{"taxonomy":"category","embeddable":true,"href":"https:\/\/www.polishscience.pl\/fr\/wp-json\/wp\/v2\/categories?post=168594"},{"taxonomy":"post_tag","embeddable":true,"href":"https:\/\/www.polishscience.pl\/fr\/wp-json\/wp\/v2\/tags?post=168594"}],"curies":[{"name":"wp","href":"https:\/\/api.w.org\/{rel}","templated":true}]}}